
{"id":22431,"date":"2019-04-01T18:43:13","date_gmt":"2019-04-01T18:43:13","guid":{"rendered":"https:\/\/www.lejournalduforkane.com\/?p=22431"},"modified":"2019-04-01T18:43:13","modified_gmt":"2019-04-01T18:43:13","slug":"un-acteur-comique-syrien-connu-offre-la-californie-au-mexique-en-reponse-a-loffre-faite-par-trump-a-israel-du-golan-syrien-il-dit-que-les-2-offres-ont-la-meme-valeur","status":"publish","type":"post","link":"https:\/\/www.lejournalduforkane.com\/index.php\/un-acteur-comique-syrien-connu-offre-la-californie-au-mexique-en-reponse-a-loffre-faite-par-trump-a-israel-du-golan-syrien-il-dit-que-les-2-offres-ont-la-meme-valeur\/","title":{"rendered":"Un acteur comique syrien connu offre la Californie au Mexique en r\u00e9ponse \u00e0 l&rsquo;offre faite par Trump \u00e0 Isra\u00ebl du Golan syrien. Il dit que les 2 offres ont la m\u00eame valeur"},"content":{"rendered":"<p><!--more--><\/p>\n<p><iframe loading=\"lazy\" width=\"720\" height=\"405\" src=\"\/\/rutube.ru\/play\/embed\/12220509\" frameborder=\"0\" webkitAllowFullScreen mozallowfullscreen allowfullscreen><\/iframe><\/p>\n","protected":false},"excerpt":{"rendered":"","protected":false},"author":2,"featured_media":0,"comment_status":"closed","ping_status":"open","sticky":false,"template":"","format":"standard","meta":[],"categories":[49],"tags":[],"_links":{"self":[{"href":"https:\/\/www.lejournalduforkane.com\/index.php\/wp-json\/wp\/v2\/posts\/22431"}],"collection":[{"href":"https:\/\/www.lejournalduforkane.com\/index.php\/wp-json\/wp\/v2\/posts"}],"about":[{"href":"https:\/\/www.lejournalduforkane.com\/index.php\/wp-json\/wp\/v2\/types\/post"}],"author":[{"embeddable":true,"href":"https:\/\/www.lejournalduforkane.com\/index.php\/wp-json\/wp\/v2\/users\/2"}],"replies":[{"embeddable":true,"href":"https:\/\/www.lejournalduforkane.com\/index.php\/wp-json\/wp\/v2\/comments?post=22431"}],"version-history":[{"count":1,"href":"https:\/\/www.lejournalduforkane.com\/index.php\/wp-json\/wp\/v2\/posts\/22431\/revisions"}],"predecessor-version":[{"id":22433,"href":"https:\/\/www.lejournalduforkane.com\/index.php\/wp-json\/wp\/v2\/posts\/22431\/revisions\/22433"}],"wp:attachment":[{"href":"https:\/\/www.lejournalduforkane.com\/index.php\/wp-json\/wp\/v2\/media?parent=22431"}],"wp:term":[{"taxonomy":"category","embeddable":true,"href":"https:\/\/www.lejournalduforkane.com\/index.php\/wp-json\/wp\/v2\/categories?post=22431"},{"taxonomy":"post_tag","embeddable":true,"href":"https:\/\/www.lejournalduforkane.com\/index.php\/wp-json\/wp\/v2\/tags?post=22431"}],"curies":[{"name":"wp","href":"https:\/\/api.w.org\/{rel}","templated":true}]}}