
{"id":22434,"date":"2019-04-03T16:43:36","date_gmt":"2019-04-03T16:43:36","guid":{"rendered":"https:\/\/www.lejournalduforkane.com\/?p=22434"},"modified":"2019-04-03T16:43:36","modified_gmt":"2019-04-03T16:43:36","slug":"les-autorites-israeliennes-imposent-des-frais-de-demolition-a-la-famille-hushiyyeh-dont-la-maison-a-ete-demolie-par-les-forces-israeliennes-mardi","status":"publish","type":"post","link":"https:\/\/www.lejournalduforkane.com\/index.php\/les-autorites-israeliennes-imposent-des-frais-de-demolition-a-la-famille-hushiyyeh-dont-la-maison-a-ete-demolie-par-les-forces-israeliennes-mardi\/","title":{"rendered":"Les autorit\u00e9s isra\u00e9liennes imposent des frais de d\u00e9molition \u00e0 la famille Hushiyyeh, dont la maison a \u00e9t\u00e9 d\u00e9molie par les forces isra\u00e9liennes mardi"},"content":{"rendered":"<p><!--more--><\/p>\n<p>Les autorit\u00e9s isra\u00e9liennes imposent des frais de d\u00e9molition \u00e0 la famille Hushiyyeh, dont la maison a \u00e9t\u00e9 d\u00e9molie par les forces isra\u00e9liennes mardi.<\/p>\n<p>Isra\u00ebl oblige les palestiniens \u00e0 d\u00e9molir leurs maisons par eux-m\u00eames ou \u00e0 payer des frais de d\u00e9molition aux autorit\u00e9s isra\u00e9liennes.<\/p>\n<p><iframe loading=\"lazy\" width=\"620\" height=\"405\" src=\"\/\/rutube.ru\/play\/embed\/12229958\" frameborder=\"0\" webkitAllowFullScreen mozallowfullscreen allowfullscreen><\/iframe><\/p>\n","protected":false},"excerpt":{"rendered":"Les autorit\u00e9s isra\u00e9liennes imposent des frais de d\u00e9molition \u00e0 la famille Hushiyyeh, dont la maison a \u00e9t\u00e9 d\u00e9molie par les forces isra\u00e9liennes mardi. Isra\u00ebl oblige les palestiniens \u00e0 d\u00e9molir leurs","protected":false},"author":2,"featured_media":0,"comment_status":"closed","ping_status":"open","sticky":false,"template":"","format":"standard","meta":[],"categories":[49],"tags":[],"_links":{"self":[{"href":"https:\/\/www.lejournalduforkane.com\/index.php\/wp-json\/wp\/v2\/posts\/22434"}],"collection":[{"href":"https:\/\/www.lejournalduforkane.com\/index.php\/wp-json\/wp\/v2\/posts"}],"about":[{"href":"https:\/\/www.lejournalduforkane.com\/index.php\/wp-json\/wp\/v2\/types\/post"}],"author":[{"embeddable":true,"href":"https:\/\/www.lejournalduforkane.com\/index.php\/wp-json\/wp\/v2\/users\/2"}],"replies":[{"embeddable":true,"href":"https:\/\/www.lejournalduforkane.com\/index.php\/wp-json\/wp\/v2\/comments?post=22434"}],"version-history":[{"count":1,"href":"https:\/\/www.lejournalduforkane.com\/index.php\/wp-json\/wp\/v2\/posts\/22434\/revisions"}],"predecessor-version":[{"id":22436,"href":"https:\/\/www.lejournalduforkane.com\/index.php\/wp-json\/wp\/v2\/posts\/22434\/revisions\/22436"}],"wp:attachment":[{"href":"https:\/\/www.lejournalduforkane.com\/index.php\/wp-json\/wp\/v2\/media?parent=22434"}],"wp:term":[{"taxonomy":"category","embeddable":true,"href":"https:\/\/www.lejournalduforkane.com\/index.php\/wp-json\/wp\/v2\/categories?post=22434"},{"taxonomy":"post_tag","embeddable":true,"href":"https:\/\/www.lejournalduforkane.com\/index.php\/wp-json\/wp\/v2\/tags?post=22434"}],"curies":[{"name":"wp","href":"https:\/\/api.w.org\/{rel}","templated":true}]}}