
{"id":22437,"date":"2019-04-03T16:49:52","date_gmt":"2019-04-03T16:49:52","guid":{"rendered":"https:\/\/www.lejournalduforkane.com\/?p=22437"},"modified":"2019-04-03T16:49:52","modified_gmt":"2019-04-03T16:49:52","slug":"lenfant-palestinien-mohammed-emad-est-lun-des-cas-qui-souffrent-encore-des-armes-de-guerre-israeliennes","status":"publish","type":"post","link":"https:\/\/www.lejournalduforkane.com\/index.php\/lenfant-palestinien-mohammed-emad-est-lun-des-cas-qui-souffrent-encore-des-armes-de-guerre-israeliennes\/","title":{"rendered":"L&rsquo;enfant Palestinien Mohammed Emad est l&rsquo;un des cas qui souffrent encore des armes de guerre isra\u00e9liennes."},"content":{"rendered":"<p><!--more--><\/p>\n<p>Mohammed a inhal\u00e9 un gaz toxique d&rsquo;Isra\u00ebl lors de la grande marche du retour. Il souffre maintenant de crampes s\u00e9v\u00e8res 3 ou 4 fois par heure et aucun m\u00e9dicament appropri\u00e9 pour lui ne se trouve \u00e0 Gaza.<\/p>\n<p><iframe loading=\"lazy\" width=\"620\" height=\"405\" src=\"\/\/rutube.ru\/play\/embed\/12229974\" frameborder=\"0\" webkitAllowFullScreen mozallowfullscreen allowfullscreen><\/iframe><\/p>\n","protected":false},"excerpt":{"rendered":"Mohammed a inhal\u00e9 un gaz toxique d'Isra\u00ebl lors de la grande marche du retour. Il souffre maintenant de crampes s\u00e9v\u00e8res 3 ou 4 fois par heure et aucun m\u00e9dicament appropri\u00e9","protected":false},"author":2,"featured_media":0,"comment_status":"closed","ping_status":"open","sticky":false,"template":"","format":"standard","meta":[],"categories":[49],"tags":[],"_links":{"self":[{"href":"https:\/\/www.lejournalduforkane.com\/index.php\/wp-json\/wp\/v2\/posts\/22437"}],"collection":[{"href":"https:\/\/www.lejournalduforkane.com\/index.php\/wp-json\/wp\/v2\/posts"}],"about":[{"href":"https:\/\/www.lejournalduforkane.com\/index.php\/wp-json\/wp\/v2\/types\/post"}],"author":[{"embeddable":true,"href":"https:\/\/www.lejournalduforkane.com\/index.php\/wp-json\/wp\/v2\/users\/2"}],"replies":[{"embeddable":true,"href":"https:\/\/www.lejournalduforkane.com\/index.php\/wp-json\/wp\/v2\/comments?post=22437"}],"version-history":[{"count":1,"href":"https:\/\/www.lejournalduforkane.com\/index.php\/wp-json\/wp\/v2\/posts\/22437\/revisions"}],"predecessor-version":[{"id":22439,"href":"https:\/\/www.lejournalduforkane.com\/index.php\/wp-json\/wp\/v2\/posts\/22437\/revisions\/22439"}],"wp:attachment":[{"href":"https:\/\/www.lejournalduforkane.com\/index.php\/wp-json\/wp\/v2\/media?parent=22437"}],"wp:term":[{"taxonomy":"category","embeddable":true,"href":"https:\/\/www.lejournalduforkane.com\/index.php\/wp-json\/wp\/v2\/categories?post=22437"},{"taxonomy":"post_tag","embeddable":true,"href":"https:\/\/www.lejournalduforkane.com\/index.php\/wp-json\/wp\/v2\/tags?post=22437"}],"curies":[{"name":"wp","href":"https:\/\/api.w.org\/{rel}","templated":true}]}}