
{"id":22443,"date":"2019-04-04T17:27:27","date_gmt":"2019-04-04T17:27:27","guid":{"rendered":"https:\/\/www.lejournalduforkane.com\/?p=22443"},"modified":"2019-04-06T17:33:59","modified_gmt":"2019-04-06T17:33:59","slug":"regardez-roger-waters-des-pink-floyd-exhorte-la-candidate-australienne-de-leurovision-kate-miller-heidke-a-boycotter-levenement-de-cette-annee-en-israel-qui-est-cense-etre-a-tel-aviv-dans-2","status":"publish","type":"post","link":"https:\/\/www.lejournalduforkane.com\/index.php\/regardez-roger-waters-des-pink-floyd-exhorte-la-candidate-australienne-de-leurovision-kate-miller-heidke-a-boycotter-levenement-de-cette-annee-en-israel-qui-est-cense-etre-a-tel-aviv-dans-2\/","title":{"rendered":"Regardez | Roger Waters des Pink Floyd exhorte la candidate australienne de l&rsquo;Eurovision Kate Miller-Heidke \u00e0 boycotter l&rsquo;\u00e9v\u00e9nement de cette ann\u00e9e en \u00ab\u00a0Isra\u00ebl\u00a0\u00bb qui est cens\u00e9 \u00eatre \u00e0 Tel Aviv dans 2 mois maintenant."},"content":{"rendered":"<p><!--more--><\/p>\n<p>Regardez | Roger Waters des Pink Floyd exhorte la candidate australienne de l&rsquo;Eurovision Kate Miller-Heidke \u00e0 boycotter l&rsquo;\u00e9v\u00e9nement de cette ann\u00e9e en \u00ab\u00a0Isra\u00ebl\u00a0\u00bb qui est cens\u00e9 \u00eatre \u00e0 Tel Aviv dans 2 mois maintenant.<\/p>\n<p>Roger Waters s\u2019est engag\u00e9 pour la cause palestinienne, la star du groupe Pink Floyd soutien le BDS (Boycott D\u00e9sinvestissement Sanctions contre isra\u00ebl).<\/p>\n<p><iframe loading=\"lazy\" width=\"720\" height=\"405\" src=\"\/\/rutube.ru\/play\/embed\/12243037\" frameborder=\"0\" webkitAllowFullScreen mozallowfullscreen allowfullscreen><\/iframe><\/p>\n","protected":false},"excerpt":{"rendered":"Regardez | Roger Waters des Pink Floyd exhorte la candidate australienne de l'Eurovision Kate Miller-Heidke \u00e0 boycotter l'\u00e9v\u00e9nement de cette ann\u00e9e en \"Isra\u00ebl\" qui est cens\u00e9 \u00eatre \u00e0 Tel Aviv","protected":false},"author":2,"featured_media":0,"comment_status":"closed","ping_status":"open","sticky":false,"template":"","format":"standard","meta":[],"categories":[49],"tags":[],"_links":{"self":[{"href":"https:\/\/www.lejournalduforkane.com\/index.php\/wp-json\/wp\/v2\/posts\/22443"}],"collection":[{"href":"https:\/\/www.lejournalduforkane.com\/index.php\/wp-json\/wp\/v2\/posts"}],"about":[{"href":"https:\/\/www.lejournalduforkane.com\/index.php\/wp-json\/wp\/v2\/types\/post"}],"author":[{"embeddable":true,"href":"https:\/\/www.lejournalduforkane.com\/index.php\/wp-json\/wp\/v2\/users\/2"}],"replies":[{"embeddable":true,"href":"https:\/\/www.lejournalduforkane.com\/index.php\/wp-json\/wp\/v2\/comments?post=22443"}],"version-history":[{"count":1,"href":"https:\/\/www.lejournalduforkane.com\/index.php\/wp-json\/wp\/v2\/posts\/22443\/revisions"}],"predecessor-version":[{"id":22445,"href":"https:\/\/www.lejournalduforkane.com\/index.php\/wp-json\/wp\/v2\/posts\/22443\/revisions\/22445"}],"wp:attachment":[{"href":"https:\/\/www.lejournalduforkane.com\/index.php\/wp-json\/wp\/v2\/media?parent=22443"}],"wp:term":[{"taxonomy":"category","embeddable":true,"href":"https:\/\/www.lejournalduforkane.com\/index.php\/wp-json\/wp\/v2\/categories?post=22443"},{"taxonomy":"post_tag","embeddable":true,"href":"https:\/\/www.lejournalduforkane.com\/index.php\/wp-json\/wp\/v2\/tags?post=22443"}],"curies":[{"name":"wp","href":"https:\/\/api.w.org\/{rel}","templated":true}]}}