
{"id":22449,"date":"2019-04-07T18:18:29","date_gmt":"2019-04-07T18:18:29","guid":{"rendered":"https:\/\/www.lejournalduforkane.com\/?p=22449"},"modified":"2019-04-07T18:18:29","modified_gmt":"2019-04-07T18:18:29","slug":"la-coalition-saoudienne-soutenue-par-les-etats-unis-a-cible-une-ecole-de-filles-dans-la-capitale-du-yemen","status":"publish","type":"post","link":"https:\/\/www.lejournalduforkane.com\/index.php\/la-coalition-saoudienne-soutenue-par-les-etats-unis-a-cible-une-ecole-de-filles-dans-la-capitale-du-yemen\/","title":{"rendered":"La coalition saoudienne soutenue par les \u00c9tats-Unis a cibl\u00e9 une \u00e9cole de filles dans la capitale du Y\u00e9men."},"content":{"rendered":"<p><!--more--><\/p>\n<p>La coalition saoudienne soutenue par les \u00c9tats-Unis a cibl\u00e9 une \u00e9cole de filles dans la capitale du Y\u00e9men.<\/p>\n<p>Les images ci-dessous montrent plusieurs frappes a\u00e9riennes, ciblant probablement les premiers r\u00e9pondants.<\/p>\n<p>Le nombre de bless\u00e9s n&rsquo;est pas pr\u00e9cis \u00e0 ce moment-l\u00e0 avec peut-\u00eatre 8 ou 9 morts et plus de bless\u00e9s.<\/p>\n<p><iframe loading=\"lazy\" width=\"620\" height=\"405\" src=\"\/\/rutube.ru\/play\/embed\/12247093\" frameborder=\"0\" webkitAllowFullScreen mozallowfullscreen allowfullscreen><\/iframe><\/p>\n","protected":false},"excerpt":{"rendered":"La coalition saoudienne soutenue par les \u00c9tats-Unis a cibl\u00e9 une \u00e9cole de filles dans la capitale du Y\u00e9men. Les images ci-dessous montrent plusieurs frappes a\u00e9riennes, ciblant probablement les premiers r\u00e9pondants.","protected":false},"author":2,"featured_media":0,"comment_status":"closed","ping_status":"open","sticky":false,"template":"","format":"standard","meta":[],"categories":[49],"tags":[],"_links":{"self":[{"href":"https:\/\/www.lejournalduforkane.com\/index.php\/wp-json\/wp\/v2\/posts\/22449"}],"collection":[{"href":"https:\/\/www.lejournalduforkane.com\/index.php\/wp-json\/wp\/v2\/posts"}],"about":[{"href":"https:\/\/www.lejournalduforkane.com\/index.php\/wp-json\/wp\/v2\/types\/post"}],"author":[{"embeddable":true,"href":"https:\/\/www.lejournalduforkane.com\/index.php\/wp-json\/wp\/v2\/users\/2"}],"replies":[{"embeddable":true,"href":"https:\/\/www.lejournalduforkane.com\/index.php\/wp-json\/wp\/v2\/comments?post=22449"}],"version-history":[{"count":1,"href":"https:\/\/www.lejournalduforkane.com\/index.php\/wp-json\/wp\/v2\/posts\/22449\/revisions"}],"predecessor-version":[{"id":22451,"href":"https:\/\/www.lejournalduforkane.com\/index.php\/wp-json\/wp\/v2\/posts\/22449\/revisions\/22451"}],"wp:attachment":[{"href":"https:\/\/www.lejournalduforkane.com\/index.php\/wp-json\/wp\/v2\/media?parent=22449"}],"wp:term":[{"taxonomy":"category","embeddable":true,"href":"https:\/\/www.lejournalduforkane.com\/index.php\/wp-json\/wp\/v2\/categories?post=22449"},{"taxonomy":"post_tag","embeddable":true,"href":"https:\/\/www.lejournalduforkane.com\/index.php\/wp-json\/wp\/v2\/tags?post=22449"}],"curies":[{"name":"wp","href":"https:\/\/api.w.org\/{rel}","templated":true}]}}