
{"id":22455,"date":"2019-04-10T18:08:56","date_gmt":"2019-04-10T18:08:56","guid":{"rendered":"https:\/\/www.lejournalduforkane.com\/?p=22455"},"modified":"2019-04-10T18:08:56","modified_gmt":"2019-04-10T18:08:56","slug":"le-forces-doccupation-ont-arrete-mardi-un-enfant-palestinien-de-8-ans-a-al-khalil-et-lont-emmene-sans-aucune-raison-dans-un-camp-militaire","status":"publish","type":"post","link":"https:\/\/www.lejournalduforkane.com\/index.php\/le-forces-doccupation-ont-arrete-mardi-un-enfant-palestinien-de-8-ans-a-al-khalil-et-lont-emmene-sans-aucune-raison-dans-un-camp-militaire\/","title":{"rendered":"Le forces d\u2019occupation ont arr\u00eat\u00e9 mardi un enfant palestinien de 8 ans \u00e0 Al Khalil et l&rsquo;ont emmen\u00e9 sans aucune raison dans un camp militaire"},"content":{"rendered":"<p><!--more--><\/p>\n<p>Le forces d\u2019occupation ont arr\u00eat\u00e9 mardi un enfant palestinien de 8 ans \u00e0 Al Khalil et l&rsquo;ont emmen\u00e9 sans aucune raison dans un camp militaire<\/p>\n<p>Pourquoi les soi-disant d\u00e9fenseurs des droits de l\u2019homme se taisent sur le sort des Palestiniens ?<\/p>\n<p><iframe loading=\"lazy\" width=\"620\" height=\"405\" src=\"\/\/rutube.ru\/play\/embed\/12260129\" frameborder=\"0\" webkitAllowFullScreen mozallowfullscreen allowfullscreen><\/iframe><\/p>\n","protected":false},"excerpt":{"rendered":"Le forces d\u2019occupation ont arr\u00eat\u00e9 mardi un enfant palestinien de 8 ans \u00e0 Al Khalil et l'ont emmen\u00e9 sans aucune raison dans un camp militaire Pourquoi les soi-disant d\u00e9fenseurs des","protected":false},"author":2,"featured_media":0,"comment_status":"closed","ping_status":"open","sticky":false,"template":"","format":"standard","meta":[],"categories":[49],"tags":[],"_links":{"self":[{"href":"https:\/\/www.lejournalduforkane.com\/index.php\/wp-json\/wp\/v2\/posts\/22455"}],"collection":[{"href":"https:\/\/www.lejournalduforkane.com\/index.php\/wp-json\/wp\/v2\/posts"}],"about":[{"href":"https:\/\/www.lejournalduforkane.com\/index.php\/wp-json\/wp\/v2\/types\/post"}],"author":[{"embeddable":true,"href":"https:\/\/www.lejournalduforkane.com\/index.php\/wp-json\/wp\/v2\/users\/2"}],"replies":[{"embeddable":true,"href":"https:\/\/www.lejournalduforkane.com\/index.php\/wp-json\/wp\/v2\/comments?post=22455"}],"version-history":[{"count":1,"href":"https:\/\/www.lejournalduforkane.com\/index.php\/wp-json\/wp\/v2\/posts\/22455\/revisions"}],"predecessor-version":[{"id":22457,"href":"https:\/\/www.lejournalduforkane.com\/index.php\/wp-json\/wp\/v2\/posts\/22455\/revisions\/22457"}],"wp:attachment":[{"href":"https:\/\/www.lejournalduforkane.com\/index.php\/wp-json\/wp\/v2\/media?parent=22455"}],"wp:term":[{"taxonomy":"category","embeddable":true,"href":"https:\/\/www.lejournalduforkane.com\/index.php\/wp-json\/wp\/v2\/categories?post=22455"},{"taxonomy":"post_tag","embeddable":true,"href":"https:\/\/www.lejournalduforkane.com\/index.php\/wp-json\/wp\/v2\/tags?post=22455"}],"curies":[{"name":"wp","href":"https:\/\/api.w.org\/{rel}","templated":true}]}}