
{"id":22461,"date":"2019-04-13T18:17:56","date_gmt":"2019-04-13T18:17:56","guid":{"rendered":"https:\/\/www.lejournalduforkane.com\/?p=22461"},"modified":"2019-04-14T18:24:02","modified_gmt":"2019-04-14T18:24:02","slug":"ils-nosent-meme-pas-lever-la-tete","status":"publish","type":"post","link":"https:\/\/www.lejournalduforkane.com\/index.php\/ils-nosent-meme-pas-lever-la-tete\/","title":{"rendered":"Ils n&rsquo;osent m\u00eame pas lever la t\u00eate !"},"content":{"rendered":"<p><!--more--><\/p>\n<p>2 soldats isra\u00e9liens lourdement arm\u00e9s se sont \u00e9chapp\u00e9s dans un village de Cisjordanie vendredi, cependant ils ont \u00e9t\u00e9 confront\u00e9s \u00e0 des palestiniens avec des pierres, ce qui les a pouss\u00e9 \u00e0 prendre leurs jambes \u00e0 leurs cous.<\/p>\n<p><iframe loading=\"lazy\" width=\"720\" height=\"405\" src=\"\/\/rutube.ru\/play\/embed\/12275603\" frameborder=\"0\" webkitAllowFullScreen mozallowfullscreen allowfullscreen><\/iframe><\/p>\n","protected":false},"excerpt":{"rendered":"2 soldats isra\u00e9liens lourdement arm\u00e9s se sont \u00e9chapp\u00e9s dans un village de Cisjordanie vendredi, cependant ils ont \u00e9t\u00e9 confront\u00e9s \u00e0 des palestiniens avec des pierres, ce qui les a pouss\u00e9","protected":false},"author":2,"featured_media":0,"comment_status":"closed","ping_status":"open","sticky":false,"template":"","format":"standard","meta":[],"categories":[49],"tags":[],"_links":{"self":[{"href":"https:\/\/www.lejournalduforkane.com\/index.php\/wp-json\/wp\/v2\/posts\/22461"}],"collection":[{"href":"https:\/\/www.lejournalduforkane.com\/index.php\/wp-json\/wp\/v2\/posts"}],"about":[{"href":"https:\/\/www.lejournalduforkane.com\/index.php\/wp-json\/wp\/v2\/types\/post"}],"author":[{"embeddable":true,"href":"https:\/\/www.lejournalduforkane.com\/index.php\/wp-json\/wp\/v2\/users\/2"}],"replies":[{"embeddable":true,"href":"https:\/\/www.lejournalduforkane.com\/index.php\/wp-json\/wp\/v2\/comments?post=22461"}],"version-history":[{"count":1,"href":"https:\/\/www.lejournalduforkane.com\/index.php\/wp-json\/wp\/v2\/posts\/22461\/revisions"}],"predecessor-version":[{"id":22463,"href":"https:\/\/www.lejournalduforkane.com\/index.php\/wp-json\/wp\/v2\/posts\/22461\/revisions\/22463"}],"wp:attachment":[{"href":"https:\/\/www.lejournalduforkane.com\/index.php\/wp-json\/wp\/v2\/media?parent=22461"}],"wp:term":[{"taxonomy":"category","embeddable":true,"href":"https:\/\/www.lejournalduforkane.com\/index.php\/wp-json\/wp\/v2\/categories?post=22461"},{"taxonomy":"post_tag","embeddable":true,"href":"https:\/\/www.lejournalduforkane.com\/index.php\/wp-json\/wp\/v2\/tags?post=22461"}],"curies":[{"name":"wp","href":"https:\/\/api.w.org\/{rel}","templated":true}]}}