
{"id":22472,"date":"2019-04-14T18:34:07","date_gmt":"2019-04-14T18:34:07","guid":{"rendered":"https:\/\/www.lejournalduforkane.com\/?p=22472"},"modified":"2019-04-14T18:34:07","modified_gmt":"2019-04-14T18:34:07","slug":"les-resistants-yemenites-dansar-allah-chassent-les-mercenaires-saoudiens-au-yemen","status":"publish","type":"post","link":"https:\/\/www.lejournalduforkane.com\/index.php\/les-resistants-yemenites-dansar-allah-chassent-les-mercenaires-saoudiens-au-yemen\/","title":{"rendered":"Les R\u00e9sistants Y\u00e9m\u00e9nites d&rsquo;Ansar Allah chassent les mercenaires saoudiens au Y\u00e9men"},"content":{"rendered":"<p><!--more--><br \/>\nLes R\u00e9sistants Y\u00e9m\u00e9nites d&rsquo;Ansar Allah chassent les mercenaires saoudiens au Y\u00e9men<\/p>\n<p>Apr\u00e8s 4 ans de guerre, les Al saoud + 11 \u00c9tats alli\u00e9s n&rsquo;ont pas r\u00e9ussi \u00e0 prendre Sanaa<\/p>\n<p><iframe loading=\"lazy\" width=\"620\" height=\"405\" src=\"\/\/rutube.ru\/play\/embed\/12275625\" frameborder=\"0\" webkitAllowFullScreen mozallowfullscreen allowfullscreen><\/iframe><\/p>\n","protected":false},"excerpt":{"rendered":"Les R\u00e9sistants Y\u00e9m\u00e9nites d'Ansar Allah chassent les mercenaires saoudiens au Y\u00e9men Apr\u00e8s 4 ans de guerre, les Al saoud + 11 \u00c9tats alli\u00e9s n'ont pas r\u00e9ussi \u00e0 prendre Sanaa","protected":false},"author":2,"featured_media":0,"comment_status":"closed","ping_status":"open","sticky":false,"template":"","format":"standard","meta":[],"categories":[49],"tags":[],"_links":{"self":[{"href":"https:\/\/www.lejournalduforkane.com\/index.php\/wp-json\/wp\/v2\/posts\/22472"}],"collection":[{"href":"https:\/\/www.lejournalduforkane.com\/index.php\/wp-json\/wp\/v2\/posts"}],"about":[{"href":"https:\/\/www.lejournalduforkane.com\/index.php\/wp-json\/wp\/v2\/types\/post"}],"author":[{"embeddable":true,"href":"https:\/\/www.lejournalduforkane.com\/index.php\/wp-json\/wp\/v2\/users\/2"}],"replies":[{"embeddable":true,"href":"https:\/\/www.lejournalduforkane.com\/index.php\/wp-json\/wp\/v2\/comments?post=22472"}],"version-history":[{"count":1,"href":"https:\/\/www.lejournalduforkane.com\/index.php\/wp-json\/wp\/v2\/posts\/22472\/revisions"}],"predecessor-version":[{"id":22474,"href":"https:\/\/www.lejournalduforkane.com\/index.php\/wp-json\/wp\/v2\/posts\/22472\/revisions\/22474"}],"wp:attachment":[{"href":"https:\/\/www.lejournalduforkane.com\/index.php\/wp-json\/wp\/v2\/media?parent=22472"}],"wp:term":[{"taxonomy":"category","embeddable":true,"href":"https:\/\/www.lejournalduforkane.com\/index.php\/wp-json\/wp\/v2\/categories?post=22472"},{"taxonomy":"post_tag","embeddable":true,"href":"https:\/\/www.lejournalduforkane.com\/index.php\/wp-json\/wp\/v2\/tags?post=22472"}],"curies":[{"name":"wp","href":"https:\/\/api.w.org\/{rel}","templated":true}]}}