
{"id":22489,"date":"2019-04-19T16:01:51","date_gmt":"2019-04-19T16:01:51","guid":{"rendered":"https:\/\/www.lejournalduforkane.com\/?p=22489"},"modified":"2019-04-23T16:02:11","modified_gmt":"2019-04-23T16:02:11","slug":"implication-humanitaire-de-la-france-au-yemen-le-summum-des-mensonges-selon-alain-corvez","status":"publish","type":"post","link":"https:\/\/www.lejournalduforkane.com\/index.php\/implication-humanitaire-de-la-france-au-yemen-le-summum-des-mensonges-selon-alain-corvez\/","title":{"rendered":"Implication \u00abhumanitaire\u00bb de la France au Y\u00e9men : le \u00absummum des mensonges\u00bb selon Alain Corvez"},"content":{"rendered":"<p><!--more--><\/p>\n<p>Entretien du 18\/4\/2019 avec Alain Corvez, conseiller en strat\u00e9gie internationale. Invit\u00e9 sur le plateau de RT France, il r\u00e9agit \u00e0 de Florence Parly qui r\u00e9p\u00e8te que les armes fran\u00e7aises \u00abne sont pas utilis\u00e9es de fa\u00e7on offensive au Y\u00e9men\u00bb. Cette information avait \u00e9t\u00e9 d\u00e9mentie par les r\u00e9v\u00e9lations de l&rsquo;ONG Disclose.<\/p>\n<p><iframe loading=\"lazy\" width=\"560\" height=\"315\" src=\"https:\/\/www.youtube.com\/embed\/Nqfk9CMrhHg\" frameborder=\"0\" allow=\"accelerometer; autoplay; encrypted-media; gyroscope; picture-in-picture\" allowfullscreen><\/iframe><\/p>\n","protected":false},"excerpt":{"rendered":"Entretien du 18\/4\/2019 avec Alain Corvez, conseiller en strat\u00e9gie internationale. Invit\u00e9 sur le plateau de RT France, il r\u00e9agit \u00e0 de Florence Parly qui r\u00e9p\u00e8te que les armes fran\u00e7aises \u00abne","protected":false},"author":2,"featured_media":0,"comment_status":"closed","ping_status":"open","sticky":false,"template":"","format":"standard","meta":[],"categories":[49],"tags":[],"_links":{"self":[{"href":"https:\/\/www.lejournalduforkane.com\/index.php\/wp-json\/wp\/v2\/posts\/22489"}],"collection":[{"href":"https:\/\/www.lejournalduforkane.com\/index.php\/wp-json\/wp\/v2\/posts"}],"about":[{"href":"https:\/\/www.lejournalduforkane.com\/index.php\/wp-json\/wp\/v2\/types\/post"}],"author":[{"embeddable":true,"href":"https:\/\/www.lejournalduforkane.com\/index.php\/wp-json\/wp\/v2\/users\/2"}],"replies":[{"embeddable":true,"href":"https:\/\/www.lejournalduforkane.com\/index.php\/wp-json\/wp\/v2\/comments?post=22489"}],"version-history":[{"count":1,"href":"https:\/\/www.lejournalduforkane.com\/index.php\/wp-json\/wp\/v2\/posts\/22489\/revisions"}],"predecessor-version":[{"id":22491,"href":"https:\/\/www.lejournalduforkane.com\/index.php\/wp-json\/wp\/v2\/posts\/22489\/revisions\/22491"}],"wp:attachment":[{"href":"https:\/\/www.lejournalduforkane.com\/index.php\/wp-json\/wp\/v2\/media?parent=22489"}],"wp:term":[{"taxonomy":"category","embeddable":true,"href":"https:\/\/www.lejournalduforkane.com\/index.php\/wp-json\/wp\/v2\/categories?post=22489"},{"taxonomy":"post_tag","embeddable":true,"href":"https:\/\/www.lejournalduforkane.com\/index.php\/wp-json\/wp\/v2\/tags?post=22489"}],"curies":[{"name":"wp","href":"https:\/\/api.w.org\/{rel}","templated":true}]}}