
{"id":22492,"date":"2019-04-19T16:02:26","date_gmt":"2019-04-19T16:02:26","guid":{"rendered":"https:\/\/www.lejournalduforkane.com\/?p=22492"},"modified":"2019-04-23T16:03:55","modified_gmt":"2019-04-23T16:03:55","slug":"des-diplomates-francais-interceptes-a-la-frontiere-tuniso-libyenne","status":"publish","type":"post","link":"https:\/\/www.lejournalduforkane.com\/index.php\/des-diplomates-francais-interceptes-a-la-frontiere-tuniso-libyenne\/","title":{"rendered":"Des diplomates fran\u00e7ais intercept\u00e9s \u00e0 la fronti\u00e8re tuniso-libyenne"},"content":{"rendered":"<p><!--more--><\/p>\n<p>Le minist\u00e8re tunisien de la D\u00e9fense a r\u00e9v\u00e9l\u00e9 qu&rsquo;une d\u00e9l\u00e9gation de 13 diplomates fran\u00e7ais arm\u00e9s a \u00e9t\u00e9 arr\u00eat\u00e9e le 14 avril \u00e0 la fronti\u00e8re entre la Libye et la Tunisie, pr\u00e9cisant que des munitions avaient \u00e9t\u00e9 saisies. L&rsquo;ambassade de France \u00e0 Tunis a publi\u00e9 un communiqu\u00e9 confirmant qu&rsquo;il s&rsquo;agissait bien de diplomates fran\u00e7ais, mais sans donner plus de d\u00e9tails sur les armes.<\/p>\n<p><iframe loading=\"lazy\" width=\"560\" height=\"315\" src=\"https:\/\/www.youtube.com\/embed\/pDwYwswlVLY\" frameborder=\"0\" allow=\"accelerometer; autoplay; encrypted-media; gyroscope; picture-in-picture\" allowfullscreen><\/iframe><\/p>\n","protected":false},"excerpt":{"rendered":"Le minist\u00e8re tunisien de la D\u00e9fense a r\u00e9v\u00e9l\u00e9 qu'une d\u00e9l\u00e9gation de 13 diplomates fran\u00e7ais arm\u00e9s a \u00e9t\u00e9 arr\u00eat\u00e9e le 14 avril \u00e0 la fronti\u00e8re entre la Libye et la Tunisie,","protected":false},"author":2,"featured_media":0,"comment_status":"closed","ping_status":"open","sticky":false,"template":"","format":"standard","meta":[],"categories":[49],"tags":[],"_links":{"self":[{"href":"https:\/\/www.lejournalduforkane.com\/index.php\/wp-json\/wp\/v2\/posts\/22492"}],"collection":[{"href":"https:\/\/www.lejournalduforkane.com\/index.php\/wp-json\/wp\/v2\/posts"}],"about":[{"href":"https:\/\/www.lejournalduforkane.com\/index.php\/wp-json\/wp\/v2\/types\/post"}],"author":[{"embeddable":true,"href":"https:\/\/www.lejournalduforkane.com\/index.php\/wp-json\/wp\/v2\/users\/2"}],"replies":[{"embeddable":true,"href":"https:\/\/www.lejournalduforkane.com\/index.php\/wp-json\/wp\/v2\/comments?post=22492"}],"version-history":[{"count":1,"href":"https:\/\/www.lejournalduforkane.com\/index.php\/wp-json\/wp\/v2\/posts\/22492\/revisions"}],"predecessor-version":[{"id":22494,"href":"https:\/\/www.lejournalduforkane.com\/index.php\/wp-json\/wp\/v2\/posts\/22492\/revisions\/22494"}],"wp:attachment":[{"href":"https:\/\/www.lejournalduforkane.com\/index.php\/wp-json\/wp\/v2\/media?parent=22492"}],"wp:term":[{"taxonomy":"category","embeddable":true,"href":"https:\/\/www.lejournalduforkane.com\/index.php\/wp-json\/wp\/v2\/categories?post=22492"},{"taxonomy":"post_tag","embeddable":true,"href":"https:\/\/www.lejournalduforkane.com\/index.php\/wp-json\/wp\/v2\/tags?post=22492"}],"curies":[{"name":"wp","href":"https:\/\/api.w.org\/{rel}","templated":true}]}}