
{"id":22495,"date":"2019-04-20T16:05:51","date_gmt":"2019-04-20T16:05:51","guid":{"rendered":"https:\/\/www.lejournalduforkane.com\/?p=22495"},"modified":"2019-04-23T16:09:53","modified_gmt":"2019-04-23T16:09:53","slug":"video-la-defense-anti-aerienne-des-houthis-abat-un-drone-despionnage-et-de-combat-de-type-wing-loong-avec-un-armement-adequat-dans-le-ciel-de-saada-19042019","status":"publish","type":"post","link":"https:\/\/www.lejournalduforkane.com\/index.php\/video-la-defense-anti-aerienne-des-houthis-abat-un-drone-despionnage-et-de-combat-de-type-wing-loong-avec-un-armement-adequat-dans-le-ciel-de-saada-19042019\/","title":{"rendered":"[Vid\u00e9o] | La d\u00e9fense anti-a\u00e9rienne des Houthis abat un drone d&rsquo;espionnage et de combat de type \u00ab\u00a0wing loong\u00a0\u00bb avec un armement ad\u00e9quat&#8230;dans le ciel de Saada (19\/04\/2019)"},"content":{"rendered":"<p><!--more-->20<\/p>\n<p><iframe loading=\"lazy\" width=\"620\" height=\"405\" src=\"\/\/rutube.ru\/play\/embed\/12306167\" frameborder=\"0\" webkitAllowFullScreen mozallowfullscreen allowfullscreen><\/iframe><\/p>\n<p><img loading=\"lazy\" src=\"https:\/\/www.lejournalduforkane.com\/wp-content\/uploads\/2019\/04\/tu-peux-ajouter-ces-2-photos-avec-la-vid\u00e9o1.jpg\" alt=\"tu peux ajouter ces 2 photos avec la vid\u00e9o1\" width=\"960\" height=\"507\" class=\"alignnone size-full wp-image-22498\" srcset=\"https:\/\/www.lejournalduforkane.com\/wp-content\/uploads\/2019\/04\/tu-peux-ajouter-ces-2-photos-avec-la-vid\u00e9o1.jpg 960w, https:\/\/www.lejournalduforkane.com\/wp-content\/uploads\/2019\/04\/tu-peux-ajouter-ces-2-photos-avec-la-vid\u00e9o1-300x158.jpg 300w, https:\/\/www.lejournalduforkane.com\/wp-content\/uploads\/2019\/04\/tu-peux-ajouter-ces-2-photos-avec-la-vid\u00e9o1-768x406.jpg 768w\" sizes=\"(max-width: 960px) 100vw, 960px\" \/><\/p>\n<p><img loading=\"lazy\" src=\"https:\/\/www.lejournalduforkane.com\/wp-content\/uploads\/2019\/04\/tu-peux-ajouter-ces-2-photos-avec-la-vid\u00e9o2.jpg\" alt=\"tu peux ajouter ces 2 photos avec la vid\u00e9o2\" width=\"960\" height=\"507\" class=\"alignnone size-full wp-image-22499\" srcset=\"https:\/\/www.lejournalduforkane.com\/wp-content\/uploads\/2019\/04\/tu-peux-ajouter-ces-2-photos-avec-la-vid\u00e9o2.jpg 960w, https:\/\/www.lejournalduforkane.com\/wp-content\/uploads\/2019\/04\/tu-peux-ajouter-ces-2-photos-avec-la-vid\u00e9o2-300x158.jpg 300w, https:\/\/www.lejournalduforkane.com\/wp-content\/uploads\/2019\/04\/tu-peux-ajouter-ces-2-photos-avec-la-vid\u00e9o2-768x406.jpg 768w\" sizes=\"(max-width: 960px) 100vw, 960px\" \/><\/p>\n","protected":false},"excerpt":{"rendered":"20","protected":false},"author":2,"featured_media":0,"comment_status":"closed","ping_status":"open","sticky":false,"template":"","format":"standard","meta":[],"categories":[49],"tags":[],"_links":{"self":[{"href":"https:\/\/www.lejournalduforkane.com\/index.php\/wp-json\/wp\/v2\/posts\/22495"}],"collection":[{"href":"https:\/\/www.lejournalduforkane.com\/index.php\/wp-json\/wp\/v2\/posts"}],"about":[{"href":"https:\/\/www.lejournalduforkane.com\/index.php\/wp-json\/wp\/v2\/types\/post"}],"author":[{"embeddable":true,"href":"https:\/\/www.lejournalduforkane.com\/index.php\/wp-json\/wp\/v2\/users\/2"}],"replies":[{"embeddable":true,"href":"https:\/\/www.lejournalduforkane.com\/index.php\/wp-json\/wp\/v2\/comments?post=22495"}],"version-history":[{"count":2,"href":"https:\/\/www.lejournalduforkane.com\/index.php\/wp-json\/wp\/v2\/posts\/22495\/revisions"}],"predecessor-version":[{"id":22500,"href":"https:\/\/www.lejournalduforkane.com\/index.php\/wp-json\/wp\/v2\/posts\/22495\/revisions\/22500"}],"wp:attachment":[{"href":"https:\/\/www.lejournalduforkane.com\/index.php\/wp-json\/wp\/v2\/media?parent=22495"}],"wp:term":[{"taxonomy":"category","embeddable":true,"href":"https:\/\/www.lejournalduforkane.com\/index.php\/wp-json\/wp\/v2\/categories?post=22495"},{"taxonomy":"post_tag","embeddable":true,"href":"https:\/\/www.lejournalduforkane.com\/index.php\/wp-json\/wp\/v2\/tags?post=22495"}],"curies":[{"name":"wp","href":"https:\/\/api.w.org\/{rel}","templated":true}]}}