
{"id":22507,"date":"2019-04-23T18:33:00","date_gmt":"2019-04-23T18:33:00","guid":{"rendered":"https:\/\/www.lejournalduforkane.com\/?p=22507"},"modified":"2019-04-23T18:33:00","modified_gmt":"2019-04-23T18:33:00","slug":"un-cheikh-palestinien-sadresse-au-regime-saoudien","status":"publish","type":"post","link":"https:\/\/www.lejournalduforkane.com\/index.php\/un-cheikh-palestinien-sadresse-au-regime-saoudien\/","title":{"rendered":"Un Cheikh Palestinien s&rsquo;adresse au r\u00e9gime saoudien"},"content":{"rendered":"<p><!--more--><\/p>\n<p>Un Cheikh Palestinien s&rsquo;adresse au r\u00e9gime saoudien :<\/p>\n<p>\u00a0\u00bb Avant de r\u00e9clamer que vous vous tenez avec la Palestine et son peuple, ouvrez les portes de vos prisons et lib\u00e9rez ceux que vous avez arr\u00eat\u00e9s parce qu&rsquo;ils ont soutenu la Palestine contre les sionistes. \u00a0\u00bb<\/p>\n<p><iframe loading=\"lazy\" width=\"620\" height=\"405\" src=\"\/\/rutube.ru\/play\/embed\/12306396\" frameborder=\"0\" webkitAllowFullScreen mozallowfullscreen allowfullscreen><\/iframe><\/p>\n","protected":false},"excerpt":{"rendered":"Un Cheikh Palestinien s'adresse au r\u00e9gime saoudien : \" Avant de r\u00e9clamer que vous vous tenez avec la Palestine et son peuple, ouvrez les portes de vos prisons et lib\u00e9rez","protected":false},"author":2,"featured_media":0,"comment_status":"closed","ping_status":"open","sticky":false,"template":"","format":"standard","meta":[],"categories":[49],"tags":[],"_links":{"self":[{"href":"https:\/\/www.lejournalduforkane.com\/index.php\/wp-json\/wp\/v2\/posts\/22507"}],"collection":[{"href":"https:\/\/www.lejournalduforkane.com\/index.php\/wp-json\/wp\/v2\/posts"}],"about":[{"href":"https:\/\/www.lejournalduforkane.com\/index.php\/wp-json\/wp\/v2\/types\/post"}],"author":[{"embeddable":true,"href":"https:\/\/www.lejournalduforkane.com\/index.php\/wp-json\/wp\/v2\/users\/2"}],"replies":[{"embeddable":true,"href":"https:\/\/www.lejournalduforkane.com\/index.php\/wp-json\/wp\/v2\/comments?post=22507"}],"version-history":[{"count":1,"href":"https:\/\/www.lejournalduforkane.com\/index.php\/wp-json\/wp\/v2\/posts\/22507\/revisions"}],"predecessor-version":[{"id":22509,"href":"https:\/\/www.lejournalduforkane.com\/index.php\/wp-json\/wp\/v2\/posts\/22507\/revisions\/22509"}],"wp:attachment":[{"href":"https:\/\/www.lejournalduforkane.com\/index.php\/wp-json\/wp\/v2\/media?parent=22507"}],"wp:term":[{"taxonomy":"category","embeddable":true,"href":"https:\/\/www.lejournalduforkane.com\/index.php\/wp-json\/wp\/v2\/categories?post=22507"},{"taxonomy":"post_tag","embeddable":true,"href":"https:\/\/www.lejournalduforkane.com\/index.php\/wp-json\/wp\/v2\/tags?post=22507"}],"curies":[{"name":"wp","href":"https:\/\/api.w.org\/{rel}","templated":true}]}}