
{"id":22522,"date":"2019-04-29T18:34:29","date_gmt":"2019-04-29T18:34:29","guid":{"rendered":"https:\/\/www.lejournalduforkane.com\/?p=22522"},"modified":"2019-04-29T18:34:29","modified_gmt":"2019-04-29T18:34:29","slug":"video-un-drone-iranien-nargue-un-porte-avions-americain-dans-le-golfe-persique","status":"publish","type":"post","link":"https:\/\/www.lejournalduforkane.com\/index.php\/video-un-drone-iranien-nargue-un-porte-avions-americain-dans-le-golfe-persique\/","title":{"rendered":"Vid\u00e9o] | Un drone iranien nargue un porte-avions am\u00e9ricain dans le golfe Persique"},"content":{"rendered":"<p><!--more--><\/p>\n<p>L&rsquo;agence de presse iranienne Tasnim a publi\u00e9 le 28 avril une vid\u00e9o montrant un drone qui aurait survol\u00e9 un porte-avions am\u00e9ricain traversant le golfe Persique.<\/p>\n<p>Qu&rsquo;est ce qu&rsquo;un porte-avion am\u00e9ricain vient faire au large des c\u00f4tes iraniennes ? Si un navire militaire iranien voguait au large des c\u00f4tes d&rsquo;un pays de l&rsquo;OTAN, les USA l&rsquo;auraient coul\u00e9 aussit\u00f4t.<\/p>\n<p><iframe loading=\"lazy\" width=\"560\" height=\"315\" src=\"https:\/\/www.youtube.com\/embed\/6iz1DZv5QpY\" frameborder=\"0\" allow=\"accelerometer; autoplay; encrypted-media; gyroscope; picture-in-picture\" allowfullscreen><\/iframe><\/p>\n","protected":false},"excerpt":{"rendered":"L'agence de presse iranienne Tasnim a publi\u00e9 le 28 avril une vid\u00e9o montrant un drone qui aurait survol\u00e9 un porte-avions am\u00e9ricain traversant le golfe Persique. Qu'est ce qu'un porte-avion am\u00e9ricain","protected":false},"author":2,"featured_media":0,"comment_status":"closed","ping_status":"open","sticky":false,"template":"","format":"standard","meta":[],"categories":[49],"tags":[],"_links":{"self":[{"href":"https:\/\/www.lejournalduforkane.com\/index.php\/wp-json\/wp\/v2\/posts\/22522"}],"collection":[{"href":"https:\/\/www.lejournalduforkane.com\/index.php\/wp-json\/wp\/v2\/posts"}],"about":[{"href":"https:\/\/www.lejournalduforkane.com\/index.php\/wp-json\/wp\/v2\/types\/post"}],"author":[{"embeddable":true,"href":"https:\/\/www.lejournalduforkane.com\/index.php\/wp-json\/wp\/v2\/users\/2"}],"replies":[{"embeddable":true,"href":"https:\/\/www.lejournalduforkane.com\/index.php\/wp-json\/wp\/v2\/comments?post=22522"}],"version-history":[{"count":1,"href":"https:\/\/www.lejournalduforkane.com\/index.php\/wp-json\/wp\/v2\/posts\/22522\/revisions"}],"predecessor-version":[{"id":22524,"href":"https:\/\/www.lejournalduforkane.com\/index.php\/wp-json\/wp\/v2\/posts\/22522\/revisions\/22524"}],"wp:attachment":[{"href":"https:\/\/www.lejournalduforkane.com\/index.php\/wp-json\/wp\/v2\/media?parent=22522"}],"wp:term":[{"taxonomy":"category","embeddable":true,"href":"https:\/\/www.lejournalduforkane.com\/index.php\/wp-json\/wp\/v2\/categories?post=22522"},{"taxonomy":"post_tag","embeddable":true,"href":"https:\/\/www.lejournalduforkane.com\/index.php\/wp-json\/wp\/v2\/tags?post=22522"}],"curies":[{"name":"wp","href":"https:\/\/api.w.org\/{rel}","templated":true}]}}