
{"id":22546,"date":"2019-05-05T18:27:15","date_gmt":"2019-05-05T18:27:15","guid":{"rendered":"https:\/\/www.lejournalduforkane.com\/?p=22546"},"modified":"2019-05-05T18:27:15","modified_gmt":"2019-05-05T18:27:15","slug":"une-recitation-paisible-vs-le-son-israelien-de-lhorreur","status":"publish","type":"post","link":"https:\/\/www.lejournalduforkane.com\/index.php\/une-recitation-paisible-vs-le-son-israelien-de-lhorreur\/","title":{"rendered":"Une r\u00e9citation paisible VS le son isra\u00e9lien de l&rsquo;horreur"},"content":{"rendered":"<p><!--more--><\/p>\n<p>Cet Imam \u00e0 Gaza a continu\u00e9 \u00e0 r\u00e9citer \u00ab\u00a0Al-Fatiha\u00a0\u00bb pendant la pri\u00e8re du soir alors qu&rsquo;un missile isra\u00e9lien est tomb\u00e9e \u00e0 proximit\u00e9<\/p>\n<p>Une r\u00e9citation paisible VS le son isra\u00e9lien de l&rsquo;horreur<\/p>\n<p><iframe loading=\"lazy\" width=\"720\" height=\"405\" src=\"\/\/rutube.ru\/play\/embed\/12342830\" frameborder=\"0\" webkitAllowFullScreen mozallowfullscreen allowfullscreen><\/iframe><\/p>\n","protected":false},"excerpt":{"rendered":"Cet Imam \u00e0 Gaza a continu\u00e9 \u00e0 r\u00e9citer \"Al-Fatiha\" pendant la pri\u00e8re du soir alors qu'un missile isra\u00e9lien est tomb\u00e9e \u00e0 proximit\u00e9 Une r\u00e9citation paisible VS le son isra\u00e9lien de","protected":false},"author":2,"featured_media":22534,"comment_status":"closed","ping_status":"open","sticky":false,"template":"","format":"standard","meta":[],"categories":[49],"tags":[],"_links":{"self":[{"href":"https:\/\/www.lejournalduforkane.com\/index.php\/wp-json\/wp\/v2\/posts\/22546"}],"collection":[{"href":"https:\/\/www.lejournalduforkane.com\/index.php\/wp-json\/wp\/v2\/posts"}],"about":[{"href":"https:\/\/www.lejournalduforkane.com\/index.php\/wp-json\/wp\/v2\/types\/post"}],"author":[{"embeddable":true,"href":"https:\/\/www.lejournalduforkane.com\/index.php\/wp-json\/wp\/v2\/users\/2"}],"replies":[{"embeddable":true,"href":"https:\/\/www.lejournalduforkane.com\/index.php\/wp-json\/wp\/v2\/comments?post=22546"}],"version-history":[{"count":1,"href":"https:\/\/www.lejournalduforkane.com\/index.php\/wp-json\/wp\/v2\/posts\/22546\/revisions"}],"predecessor-version":[{"id":22547,"href":"https:\/\/www.lejournalduforkane.com\/index.php\/wp-json\/wp\/v2\/posts\/22546\/revisions\/22547"}],"wp:featuredmedia":[{"embeddable":true,"href":"https:\/\/www.lejournalduforkane.com\/index.php\/wp-json\/wp\/v2\/media\/22534"}],"wp:attachment":[{"href":"https:\/\/www.lejournalduforkane.com\/index.php\/wp-json\/wp\/v2\/media?parent=22546"}],"wp:term":[{"taxonomy":"category","embeddable":true,"href":"https:\/\/www.lejournalduforkane.com\/index.php\/wp-json\/wp\/v2\/categories?post=22546"},{"taxonomy":"post_tag","embeddable":true,"href":"https:\/\/www.lejournalduforkane.com\/index.php\/wp-json\/wp\/v2\/tags?post=22546"}],"curies":[{"name":"wp","href":"https:\/\/api.w.org\/{rel}","templated":true}]}}