
{"id":22554,"date":"2019-05-05T18:32:47","date_gmt":"2019-05-05T18:32:47","guid":{"rendered":"https:\/\/www.lejournalduforkane.com\/?p=22554"},"modified":"2019-05-05T18:32:47","modified_gmt":"2019-05-05T18:32:47","slug":"le-moment-ou-la-resistance-palestinienne-a-tire-des-missiles-de-represailles-dans-la-palestine-occupee-par-le-sud","status":"publish","type":"post","link":"https:\/\/www.lejournalduforkane.com\/index.php\/le-moment-ou-la-resistance-palestinienne-a-tire-des-missiles-de-represailles-dans-la-palestine-occupee-par-le-sud\/","title":{"rendered":"Le moment o\u00f9 la R\u00e9sistance palestinienne a tir\u00e9 des missiles de repr\u00e9sailles dans la Palestine occup\u00e9e par le sud."},"content":{"rendered":"<p><!--more--><\/p>\n<p><iframe loading=\"lazy\" width=\"720\" height=\"405\" src=\"\/\/rutube.ru\/play\/embed\/12342850\" frameborder=\"0\" webkitAllowFullScreen mozallowfullscreen allowfullscreen><\/iframe><\/p>\n","protected":false},"excerpt":{"rendered":"","protected":false},"author":2,"featured_media":0,"comment_status":"closed","ping_status":"open","sticky":false,"template":"","format":"standard","meta":[],"categories":[49],"tags":[],"_links":{"self":[{"href":"https:\/\/www.lejournalduforkane.com\/index.php\/wp-json\/wp\/v2\/posts\/22554"}],"collection":[{"href":"https:\/\/www.lejournalduforkane.com\/index.php\/wp-json\/wp\/v2\/posts"}],"about":[{"href":"https:\/\/www.lejournalduforkane.com\/index.php\/wp-json\/wp\/v2\/types\/post"}],"author":[{"embeddable":true,"href":"https:\/\/www.lejournalduforkane.com\/index.php\/wp-json\/wp\/v2\/users\/2"}],"replies":[{"embeddable":true,"href":"https:\/\/www.lejournalduforkane.com\/index.php\/wp-json\/wp\/v2\/comments?post=22554"}],"version-history":[{"count":1,"href":"https:\/\/www.lejournalduforkane.com\/index.php\/wp-json\/wp\/v2\/posts\/22554\/revisions"}],"predecessor-version":[{"id":22556,"href":"https:\/\/www.lejournalduforkane.com\/index.php\/wp-json\/wp\/v2\/posts\/22554\/revisions\/22556"}],"wp:attachment":[{"href":"https:\/\/www.lejournalduforkane.com\/index.php\/wp-json\/wp\/v2\/media?parent=22554"}],"wp:term":[{"taxonomy":"category","embeddable":true,"href":"https:\/\/www.lejournalduforkane.com\/index.php\/wp-json\/wp\/v2\/categories?post=22554"},{"taxonomy":"post_tag","embeddable":true,"href":"https:\/\/www.lejournalduforkane.com\/index.php\/wp-json\/wp\/v2\/tags?post=22554"}],"curies":[{"name":"wp","href":"https:\/\/api.w.org\/{rel}","templated":true}]}}