
{"id":22560,"date":"2019-05-05T18:38:53","date_gmt":"2019-05-05T18:38:53","guid":{"rendered":"https:\/\/www.lejournalduforkane.com\/?p=22560"},"modified":"2019-05-05T18:38:53","modified_gmt":"2019-05-05T18:38:53","slug":"un-immeuble-residentiel-de-8-etages-vient-detre-completement-rase-par-un-missile-israelien","status":"publish","type":"post","link":"https:\/\/www.lejournalduforkane.com\/index.php\/un-immeuble-residentiel-de-8-etages-vient-detre-completement-rase-par-un-missile-israelien\/","title":{"rendered":"Un immeuble r\u00e9sidentiel de 8 \u00e9tages vient d&rsquo;\u00eatre compl\u00e8tement ras\u00e9 par un missile isra\u00e9lien !"},"content":{"rendered":"<p><!--more--><br \/>\n C&rsquo;est l&rsquo;une des rues les plus \u00ab\u00a0chics\u00a0\u00bb dans le centre de la ville de Gaza !<\/p>\n<p><iframe loading=\"lazy\" width=\"720\" height=\"405\" src=\"\/\/rutube.ru\/play\/embed\/12342864\" frameborder=\"0\" webkitAllowFullScreen mozallowfullscreen allowfullscreen><\/iframe><\/p>\n<p>\n","protected":false},"excerpt":{"rendered":"C'est l'une des rues les plus \"chics\" dans le centre de la ville de Gaza !","protected":false},"author":2,"featured_media":0,"comment_status":"closed","ping_status":"open","sticky":false,"template":"","format":"standard","meta":[],"categories":[49],"tags":[],"_links":{"self":[{"href":"https:\/\/www.lejournalduforkane.com\/index.php\/wp-json\/wp\/v2\/posts\/22560"}],"collection":[{"href":"https:\/\/www.lejournalduforkane.com\/index.php\/wp-json\/wp\/v2\/posts"}],"about":[{"href":"https:\/\/www.lejournalduforkane.com\/index.php\/wp-json\/wp\/v2\/types\/post"}],"author":[{"embeddable":true,"href":"https:\/\/www.lejournalduforkane.com\/index.php\/wp-json\/wp\/v2\/users\/2"}],"replies":[{"embeddable":true,"href":"https:\/\/www.lejournalduforkane.com\/index.php\/wp-json\/wp\/v2\/comments?post=22560"}],"version-history":[{"count":1,"href":"https:\/\/www.lejournalduforkane.com\/index.php\/wp-json\/wp\/v2\/posts\/22560\/revisions"}],"predecessor-version":[{"id":22562,"href":"https:\/\/www.lejournalduforkane.com\/index.php\/wp-json\/wp\/v2\/posts\/22560\/revisions\/22562"}],"wp:attachment":[{"href":"https:\/\/www.lejournalduforkane.com\/index.php\/wp-json\/wp\/v2\/media?parent=22560"}],"wp:term":[{"taxonomy":"category","embeddable":true,"href":"https:\/\/www.lejournalduforkane.com\/index.php\/wp-json\/wp\/v2\/categories?post=22560"},{"taxonomy":"post_tag","embeddable":true,"href":"https:\/\/www.lejournalduforkane.com\/index.php\/wp-json\/wp\/v2\/tags?post=22560"}],"curies":[{"name":"wp","href":"https:\/\/api.w.org\/{rel}","templated":true}]}}