
{"id":22575,"date":"2019-05-06T18:24:38","date_gmt":"2019-05-06T18:24:38","guid":{"rendered":"https:\/\/www.lejournalduforkane.com\/?p=22575"},"modified":"2019-05-06T18:24:38","modified_gmt":"2019-05-06T18:24:38","slug":"ces-femmes-palestiniennes-resistent-a-loccupation-israelienne-en-epousant-des-combattants-de-la-resistance-emprisonnes-dans-les-prisons-israeliennes","status":"publish","type":"post","link":"https:\/\/www.lejournalduforkane.com\/index.php\/ces-femmes-palestiniennes-resistent-a-loccupation-israelienne-en-epousant-des-combattants-de-la-resistance-emprisonnes-dans-les-prisons-israeliennes\/","title":{"rendered":"Ces femmes palestiniennes r\u00e9sistent \u00e0 l&rsquo;occupation isra\u00e9lienne en \u00e9pousant des combattants de la r\u00e9sistance emprisonn\u00e9s dans les prisons isra\u00e9liennes"},"content":{"rendered":"<p><!--more--><\/p>\n<p><iframe loading=\"lazy\" width=\"620\" height=\"405\" src=\"\/\/rutube.ru\/play\/embed\/12346116\" frameborder=\"0\" webkitAllowFullScreen mozallowfullscreen allowfullscreen><\/iframe><\/p>\n<p>\n","protected":false},"excerpt":{"rendered":"","protected":false},"author":2,"featured_media":0,"comment_status":"closed","ping_status":"open","sticky":false,"template":"","format":"standard","meta":[],"categories":[49],"tags":[],"_links":{"self":[{"href":"https:\/\/www.lejournalduforkane.com\/index.php\/wp-json\/wp\/v2\/posts\/22575"}],"collection":[{"href":"https:\/\/www.lejournalduforkane.com\/index.php\/wp-json\/wp\/v2\/posts"}],"about":[{"href":"https:\/\/www.lejournalduforkane.com\/index.php\/wp-json\/wp\/v2\/types\/post"}],"author":[{"embeddable":true,"href":"https:\/\/www.lejournalduforkane.com\/index.php\/wp-json\/wp\/v2\/users\/2"}],"replies":[{"embeddable":true,"href":"https:\/\/www.lejournalduforkane.com\/index.php\/wp-json\/wp\/v2\/comments?post=22575"}],"version-history":[{"count":1,"href":"https:\/\/www.lejournalduforkane.com\/index.php\/wp-json\/wp\/v2\/posts\/22575\/revisions"}],"predecessor-version":[{"id":22577,"href":"https:\/\/www.lejournalduforkane.com\/index.php\/wp-json\/wp\/v2\/posts\/22575\/revisions\/22577"}],"wp:attachment":[{"href":"https:\/\/www.lejournalduforkane.com\/index.php\/wp-json\/wp\/v2\/media?parent=22575"}],"wp:term":[{"taxonomy":"category","embeddable":true,"href":"https:\/\/www.lejournalduforkane.com\/index.php\/wp-json\/wp\/v2\/categories?post=22575"},{"taxonomy":"post_tag","embeddable":true,"href":"https:\/\/www.lejournalduforkane.com\/index.php\/wp-json\/wp\/v2\/tags?post=22575"}],"curies":[{"name":"wp","href":"https:\/\/api.w.org\/{rel}","templated":true}]}}