
{"id":22621,"date":"2019-05-12T18:23:51","date_gmt":"2019-05-12T18:23:51","guid":{"rendered":"https:\/\/www.lejournalduforkane.com\/?p=22621"},"modified":"2019-05-12T18:23:51","modified_gmt":"2019-05-12T18:23:51","slug":"discours-du-prophete-de-lislam-sur-le-mois-beni-de-ramadhan-recite-par-hassan-nasrallah","status":"publish","type":"post","link":"https:\/\/www.lejournalduforkane.com\/index.php\/discours-du-prophete-de-lislam-sur-le-mois-beni-de-ramadhan-recite-par-hassan-nasrallah\/","title":{"rendered":"DISCOURS DU PROPH\u00c8TE DE L&rsquo;ISLAM SUR LE MOIS B\u00c9NI DE RAMADHAN (R\u00c9CIT\u00c9 PAR HASSAN NASRALLAH)"},"content":{"rendered":"<p><!--more--><\/p>\n<p><iframe loading=\"lazy\" src=\"https:\/\/player.vimeo.com\/video\/334967071\" width=\"640\" height=\"360\" frameborder=\"0\" allow=\"autoplay; fullscreen\" allowfullscreen><\/iframe><\/p>\n","protected":false},"excerpt":{"rendered":"","protected":false},"author":2,"featured_media":0,"comment_status":"closed","ping_status":"open","sticky":false,"template":"","format":"standard","meta":[],"categories":[49],"tags":[],"_links":{"self":[{"href":"https:\/\/www.lejournalduforkane.com\/index.php\/wp-json\/wp\/v2\/posts\/22621"}],"collection":[{"href":"https:\/\/www.lejournalduforkane.com\/index.php\/wp-json\/wp\/v2\/posts"}],"about":[{"href":"https:\/\/www.lejournalduforkane.com\/index.php\/wp-json\/wp\/v2\/types\/post"}],"author":[{"embeddable":true,"href":"https:\/\/www.lejournalduforkane.com\/index.php\/wp-json\/wp\/v2\/users\/2"}],"replies":[{"embeddable":true,"href":"https:\/\/www.lejournalduforkane.com\/index.php\/wp-json\/wp\/v2\/comments?post=22621"}],"version-history":[{"count":1,"href":"https:\/\/www.lejournalduforkane.com\/index.php\/wp-json\/wp\/v2\/posts\/22621\/revisions"}],"predecessor-version":[{"id":22623,"href":"https:\/\/www.lejournalduforkane.com\/index.php\/wp-json\/wp\/v2\/posts\/22621\/revisions\/22623"}],"wp:attachment":[{"href":"https:\/\/www.lejournalduforkane.com\/index.php\/wp-json\/wp\/v2\/media?parent=22621"}],"wp:term":[{"taxonomy":"category","embeddable":true,"href":"https:\/\/www.lejournalduforkane.com\/index.php\/wp-json\/wp\/v2\/categories?post=22621"},{"taxonomy":"post_tag","embeddable":true,"href":"https:\/\/www.lejournalduforkane.com\/index.php\/wp-json\/wp\/v2\/tags?post=22621"}],"curies":[{"name":"wp","href":"https:\/\/api.w.org\/{rel}","templated":true}]}}