
{"id":22633,"date":"2019-05-13T18:26:23","date_gmt":"2019-05-13T18:26:23","guid":{"rendered":"https:\/\/www.lejournalduforkane.com\/?p=22633"},"modified":"2019-05-13T18:26:23","modified_gmt":"2019-05-13T18:26:23","slug":"liftar-rupture-du-jeune-du-mois-de-ramadhan-dans-leglise-de-al-arbain-a-homs","status":"publish","type":"post","link":"https:\/\/www.lejournalduforkane.com\/index.php\/liftar-rupture-du-jeune-du-mois-de-ramadhan-dans-leglise-de-al-arbain-a-homs\/","title":{"rendered":"L&rsquo;Iftar (rupture) du jeune du mois de Ramadhan dans l&rsquo;\u00e9glise de Al Arba\u00efn \u00e0 Homs"},"content":{"rendered":"<p><!--more--><\/p>\n<p>L&rsquo;Iftar (rupture) du jeune du mois de Ramadhan dans l&rsquo;\u00e9glise de Al Arba\u00efn \u00e0 Homs<\/p>\n<p>C&rsquo;est la beaut\u00e9 et l&rsquo;unit\u00e9 des Syriens.<\/p>\n<p><iframe loading=\"lazy\" width=\"620\" height=\"405\" src=\"\/\/rutube.ru\/play\/embed\/12363077\" frameborder=\"0\" webkitAllowFullScreen mozallowfullscreen allowfullscreen><\/iframe><\/p>\n<p>\n","protected":false},"excerpt":{"rendered":"L'Iftar (rupture) du jeune du mois de Ramadhan dans l'\u00e9glise de Al Arba\u00efn \u00e0 Homs C'est la beaut\u00e9 et l'unit\u00e9 des Syriens.","protected":false},"author":2,"featured_media":0,"comment_status":"closed","ping_status":"open","sticky":false,"template":"","format":"standard","meta":[],"categories":[49],"tags":[],"_links":{"self":[{"href":"https:\/\/www.lejournalduforkane.com\/index.php\/wp-json\/wp\/v2\/posts\/22633"}],"collection":[{"href":"https:\/\/www.lejournalduforkane.com\/index.php\/wp-json\/wp\/v2\/posts"}],"about":[{"href":"https:\/\/www.lejournalduforkane.com\/index.php\/wp-json\/wp\/v2\/types\/post"}],"author":[{"embeddable":true,"href":"https:\/\/www.lejournalduforkane.com\/index.php\/wp-json\/wp\/v2\/users\/2"}],"replies":[{"embeddable":true,"href":"https:\/\/www.lejournalduforkane.com\/index.php\/wp-json\/wp\/v2\/comments?post=22633"}],"version-history":[{"count":1,"href":"https:\/\/www.lejournalduforkane.com\/index.php\/wp-json\/wp\/v2\/posts\/22633\/revisions"}],"predecessor-version":[{"id":22635,"href":"https:\/\/www.lejournalduforkane.com\/index.php\/wp-json\/wp\/v2\/posts\/22633\/revisions\/22635"}],"wp:attachment":[{"href":"https:\/\/www.lejournalduforkane.com\/index.php\/wp-json\/wp\/v2\/media?parent=22633"}],"wp:term":[{"taxonomy":"category","embeddable":true,"href":"https:\/\/www.lejournalduforkane.com\/index.php\/wp-json\/wp\/v2\/categories?post=22633"},{"taxonomy":"post_tag","embeddable":true,"href":"https:\/\/www.lejournalduforkane.com\/index.php\/wp-json\/wp\/v2\/tags?post=22633"}],"curies":[{"name":"wp","href":"https:\/\/api.w.org\/{rel}","templated":true}]}}