
{"id":22641,"date":"2019-05-13T18:32:40","date_gmt":"2019-05-13T18:32:40","guid":{"rendered":"https:\/\/www.lejournalduforkane.com\/?p=22641"},"modified":"2019-05-13T18:32:40","modified_gmt":"2019-05-13T18:32:40","slug":"regardez-pour-le-2eme-jour-de-suite-les-forces-doccupation-israeliennes-expulsent-les-fideles-musulmans-de-la-mosquee-dal-aqsa","status":"publish","type":"post","link":"https:\/\/www.lejournalduforkane.com\/index.php\/regardez-pour-le-2eme-jour-de-suite-les-forces-doccupation-israeliennes-expulsent-les-fideles-musulmans-de-la-mosquee-dal-aqsa\/","title":{"rendered":"Regardez | Pour le 2\u00e8me jour de suite, les forces d&rsquo;occupation isra\u00e9liennes expulsent les fid\u00e8les musulmans de la mosqu\u00e9e d&rsquo;Al Aqsa"},"content":{"rendered":"<p><!--more--><\/p>\n<p>Regardez | Pour le 2\u00e8me jour de suite, les forces d&rsquo;occupation isra\u00e9liennes expulsent les fid\u00e8les musulmans de la mosqu\u00e9e d&rsquo;Al Aqsa.<\/p>\n<p>Des grenades paralysantes ont \u00e9t\u00e9 utilis\u00e9es contre les fid\u00e8les.<\/p>\n<p><iframe loading=\"lazy\" width=\"720\" height=\"405\" src=\"\/\/rutube.ru\/play\/embed\/12363108\" frameborder=\"0\" webkitAllowFullScreen mozallowfullscreen allowfullscreen><\/iframe><\/p>\n<p>\n","protected":false},"excerpt":{"rendered":"Regardez | Pour le 2\u00e8me jour de suite, les forces d'occupation isra\u00e9liennes expulsent les fid\u00e8les musulmans de la mosqu\u00e9e d'Al Aqsa. Des grenades paralysantes ont \u00e9t\u00e9 utilis\u00e9es contre les fid\u00e8les.","protected":false},"author":2,"featured_media":0,"comment_status":"closed","ping_status":"open","sticky":false,"template":"","format":"standard","meta":[],"categories":[49],"tags":[],"_links":{"self":[{"href":"https:\/\/www.lejournalduforkane.com\/index.php\/wp-json\/wp\/v2\/posts\/22641"}],"collection":[{"href":"https:\/\/www.lejournalduforkane.com\/index.php\/wp-json\/wp\/v2\/posts"}],"about":[{"href":"https:\/\/www.lejournalduforkane.com\/index.php\/wp-json\/wp\/v2\/types\/post"}],"author":[{"embeddable":true,"href":"https:\/\/www.lejournalduforkane.com\/index.php\/wp-json\/wp\/v2\/users\/2"}],"replies":[{"embeddable":true,"href":"https:\/\/www.lejournalduforkane.com\/index.php\/wp-json\/wp\/v2\/comments?post=22641"}],"version-history":[{"count":1,"href":"https:\/\/www.lejournalduforkane.com\/index.php\/wp-json\/wp\/v2\/posts\/22641\/revisions"}],"predecessor-version":[{"id":22643,"href":"https:\/\/www.lejournalduforkane.com\/index.php\/wp-json\/wp\/v2\/posts\/22641\/revisions\/22643"}],"wp:attachment":[{"href":"https:\/\/www.lejournalduforkane.com\/index.php\/wp-json\/wp\/v2\/media?parent=22641"}],"wp:term":[{"taxonomy":"category","embeddable":true,"href":"https:\/\/www.lejournalduforkane.com\/index.php\/wp-json\/wp\/v2\/categories?post=22641"},{"taxonomy":"post_tag","embeddable":true,"href":"https:\/\/www.lejournalduforkane.com\/index.php\/wp-json\/wp\/v2\/tags?post=22641"}],"curies":[{"name":"wp","href":"https:\/\/api.w.org\/{rel}","templated":true}]}}