
{"id":22649,"date":"2019-05-15T18:21:58","date_gmt":"2019-05-15T18:21:58","guid":{"rendered":"https:\/\/www.lejournalduforkane.com\/?p=22649"},"modified":"2019-05-15T18:21:58","modified_gmt":"2019-05-15T18:21:58","slug":"video-le-commandant-de-la-force-aerienne-iranienne-donne-des-explications-sur-le-tableau-au-sujet-des-bases-americaines-dans-la-region","status":"publish","type":"post","link":"https:\/\/www.lejournalduforkane.com\/index.php\/video-le-commandant-de-la-force-aerienne-iranienne-donne-des-explications-sur-le-tableau-au-sujet-des-bases-americaines-dans-la-region\/","title":{"rendered":"[Vid\u00e9o] | Le commandant de la force a\u00e9rienne iranienne donne des explications sur le tableau au sujet des bases am\u00e9ricaines dans la r\u00e9gion"},"content":{"rendered":"<p><!--more--><\/p>\n<p>[Vid\u00e9o] | Le commandant de la force a\u00e9rienne iranienne donne des explications sur le tableau au sujet des bases am\u00e9ricaines dans la r\u00e9gion, distantes de la R\u00e9publique Islamique d&rsquo;Iran de plus ou moins 300 km\u2026<\/p>\n<p>\u00ab\u00a0Ils sont comme un morceau de viande sous nos dents\u00a0\u00bb<\/p>\n<p>&nbsp;<\/p>\n<p><iframe loading=\"lazy\" width=\"620\" height=\"405\" src=\"\/\/rutube.ru\/play\/embed\/12368560\" frameborder=\"0\" webkitAllowFullScreen mozallowfullscreen allowfullscreen><\/iframe><\/p>\n<p>\n","protected":false},"excerpt":{"rendered":"[Vid\u00e9o] | Le commandant de la force a\u00e9rienne iranienne donne des explications sur le tableau au sujet des bases am\u00e9ricaines dans la r\u00e9gion, distantes de la R\u00e9publique Islamique d'Iran de","protected":false},"author":2,"featured_media":0,"comment_status":"closed","ping_status":"open","sticky":false,"template":"","format":"standard","meta":[],"categories":[49],"tags":[],"_links":{"self":[{"href":"https:\/\/www.lejournalduforkane.com\/index.php\/wp-json\/wp\/v2\/posts\/22649"}],"collection":[{"href":"https:\/\/www.lejournalduforkane.com\/index.php\/wp-json\/wp\/v2\/posts"}],"about":[{"href":"https:\/\/www.lejournalduforkane.com\/index.php\/wp-json\/wp\/v2\/types\/post"}],"author":[{"embeddable":true,"href":"https:\/\/www.lejournalduforkane.com\/index.php\/wp-json\/wp\/v2\/users\/2"}],"replies":[{"embeddable":true,"href":"https:\/\/www.lejournalduforkane.com\/index.php\/wp-json\/wp\/v2\/comments?post=22649"}],"version-history":[{"count":1,"href":"https:\/\/www.lejournalduforkane.com\/index.php\/wp-json\/wp\/v2\/posts\/22649\/revisions"}],"predecessor-version":[{"id":22651,"href":"https:\/\/www.lejournalduforkane.com\/index.php\/wp-json\/wp\/v2\/posts\/22649\/revisions\/22651"}],"wp:attachment":[{"href":"https:\/\/www.lejournalduforkane.com\/index.php\/wp-json\/wp\/v2\/media?parent=22649"}],"wp:term":[{"taxonomy":"category","embeddable":true,"href":"https:\/\/www.lejournalduforkane.com\/index.php\/wp-json\/wp\/v2\/categories?post=22649"},{"taxonomy":"post_tag","embeddable":true,"href":"https:\/\/www.lejournalduforkane.com\/index.php\/wp-json\/wp\/v2\/tags?post=22649"}],"curies":[{"name":"wp","href":"https:\/\/api.w.org\/{rel}","templated":true}]}}