
{"id":22652,"date":"2019-05-15T18:24:41","date_gmt":"2019-05-15T18:24:41","guid":{"rendered":"https:\/\/www.lejournalduforkane.com\/?p=22652"},"modified":"2019-05-15T18:24:41","modified_gmt":"2019-05-15T18:24:41","slug":"des-artistes-palestiniens-organisent-le-gazavision-et-boycottent-leurovision-organise-a-tel-aviv","status":"publish","type":"post","link":"https:\/\/www.lejournalduforkane.com\/index.php\/des-artistes-palestiniens-organisent-le-gazavision-et-boycottent-leurovision-organise-a-tel-aviv\/","title":{"rendered":"Des artistes palestiniens organisent le \u00abGazavision\u00bb et boycottent l&rsquo;Eurovision organis\u00e9 \u00e0 Tel-Aviv"},"content":{"rendered":"<p><!--more--><br \/>\nBonne initiative : Des artistes palestiniens organisent le \u00abGazavision\u00bb et boycottent l&rsquo;Eurovision organis\u00e9 \u00e0 Tel-Aviv<\/p>\n<p>C&rsquo;est dans un contexte de tensions entre Isra\u00e9liens et Palestiniens que s&rsquo;est ouvert le 14 mai au soir l&rsquo;Eurovision \u00e0 Tel-Aviv. Pour marquer leur opposition, des artistes palestiniens ont lanc\u00e9 leur propre concours intitul\u00e9 Gazavision. Les Palestiniens reprochent \u00e0 Isra\u00ebl d&rsquo;organiser des \u00e9v\u00e9nements culturels afin de \u00abdissimuler sa politique d&rsquo;occupation\u00bb.<\/p>\n<p><iframe loading=\"lazy\" width=\"560\" height=\"315\" src=\"https:\/\/www.youtube.com\/embed\/wyQzV7uO3Yo\" frameborder=\"0\" allow=\"accelerometer; autoplay; encrypted-media; gyroscope; picture-in-picture\" allowfullscreen><\/iframe><\/p>\n","protected":false},"excerpt":{"rendered":"Bonne initiative : Des artistes palestiniens organisent le \u00abGazavision\u00bb et boycottent l'Eurovision organis\u00e9 \u00e0 Tel-Aviv C'est dans un contexte de tensions entre Isra\u00e9liens et Palestiniens que s'est ouvert le 14","protected":false},"author":2,"featured_media":0,"comment_status":"closed","ping_status":"open","sticky":false,"template":"","format":"standard","meta":[],"categories":[49],"tags":[],"_links":{"self":[{"href":"https:\/\/www.lejournalduforkane.com\/index.php\/wp-json\/wp\/v2\/posts\/22652"}],"collection":[{"href":"https:\/\/www.lejournalduforkane.com\/index.php\/wp-json\/wp\/v2\/posts"}],"about":[{"href":"https:\/\/www.lejournalduforkane.com\/index.php\/wp-json\/wp\/v2\/types\/post"}],"author":[{"embeddable":true,"href":"https:\/\/www.lejournalduforkane.com\/index.php\/wp-json\/wp\/v2\/users\/2"}],"replies":[{"embeddable":true,"href":"https:\/\/www.lejournalduforkane.com\/index.php\/wp-json\/wp\/v2\/comments?post=22652"}],"version-history":[{"count":1,"href":"https:\/\/www.lejournalduforkane.com\/index.php\/wp-json\/wp\/v2\/posts\/22652\/revisions"}],"predecessor-version":[{"id":22654,"href":"https:\/\/www.lejournalduforkane.com\/index.php\/wp-json\/wp\/v2\/posts\/22652\/revisions\/22654"}],"wp:attachment":[{"href":"https:\/\/www.lejournalduforkane.com\/index.php\/wp-json\/wp\/v2\/media?parent=22652"}],"wp:term":[{"taxonomy":"category","embeddable":true,"href":"https:\/\/www.lejournalduforkane.com\/index.php\/wp-json\/wp\/v2\/categories?post=22652"},{"taxonomy":"post_tag","embeddable":true,"href":"https:\/\/www.lejournalduforkane.com\/index.php\/wp-json\/wp\/v2\/tags?post=22652"}],"curies":[{"name":"wp","href":"https:\/\/api.w.org\/{rel}","templated":true}]}}