
{"id":22675,"date":"2019-05-20T16:44:00","date_gmt":"2019-05-20T16:44:00","guid":{"rendered":"https:\/\/www.lejournalduforkane.com\/?p=22675"},"modified":"2019-05-20T16:45:29","modified_gmt":"2019-05-20T16:45:29","slug":"video-les-systemes-de-defense-antiaerienne-syriennes-interceptent-des-cibles-hostiles-venant-des-territoires-occupes","status":"publish","type":"post","link":"https:\/\/www.lejournalduforkane.com\/index.php\/video-les-systemes-de-defense-antiaerienne-syriennes-interceptent-des-cibles-hostiles-venant-des-territoires-occupes\/","title":{"rendered":"[Video] | Les syst\u00e8mes de d\u00e9fense antia\u00e9rienne syriennes interceptent des cibles hostiles venant des territoires occup\u00e9s"},"content":{"rendered":"<p><!--more--><\/p>\n<p><iframe loading=\"lazy\" width=\"620\" height=\"405\" src=\"\/\/rutube.ru\/play\/embed\/12380515\" frameborder=\"0\" webkitAllowFullScreen mozallowfullscreen allowfullscreen><\/iframe><\/p>\n<p>\n","protected":false},"excerpt":{"rendered":"","protected":false},"author":2,"featured_media":22677,"comment_status":"closed","ping_status":"open","sticky":false,"template":"","format":"standard","meta":[],"categories":[49],"tags":[],"_links":{"self":[{"href":"https:\/\/www.lejournalduforkane.com\/index.php\/wp-json\/wp\/v2\/posts\/22675"}],"collection":[{"href":"https:\/\/www.lejournalduforkane.com\/index.php\/wp-json\/wp\/v2\/posts"}],"about":[{"href":"https:\/\/www.lejournalduforkane.com\/index.php\/wp-json\/wp\/v2\/types\/post"}],"author":[{"embeddable":true,"href":"https:\/\/www.lejournalduforkane.com\/index.php\/wp-json\/wp\/v2\/users\/2"}],"replies":[{"embeddable":true,"href":"https:\/\/www.lejournalduforkane.com\/index.php\/wp-json\/wp\/v2\/comments?post=22675"}],"version-history":[{"count":1,"href":"https:\/\/www.lejournalduforkane.com\/index.php\/wp-json\/wp\/v2\/posts\/22675\/revisions"}],"predecessor-version":[{"id":22676,"href":"https:\/\/www.lejournalduforkane.com\/index.php\/wp-json\/wp\/v2\/posts\/22675\/revisions\/22676"}],"wp:featuredmedia":[{"embeddable":true,"href":"https:\/\/www.lejournalduforkane.com\/index.php\/wp-json\/wp\/v2\/media\/22677"}],"wp:attachment":[{"href":"https:\/\/www.lejournalduforkane.com\/index.php\/wp-json\/wp\/v2\/media?parent=22675"}],"wp:term":[{"taxonomy":"category","embeddable":true,"href":"https:\/\/www.lejournalduforkane.com\/index.php\/wp-json\/wp\/v2\/categories?post=22675"},{"taxonomy":"post_tag","embeddable":true,"href":"https:\/\/www.lejournalduforkane.com\/index.php\/wp-json\/wp\/v2\/tags?post=22675"}],"curies":[{"name":"wp","href":"https:\/\/api.w.org\/{rel}","templated":true}]}}