
{"id":22678,"date":"2019-05-21T18:41:47","date_gmt":"2019-05-21T18:41:47","guid":{"rendered":"https:\/\/www.lejournalduforkane.com\/?p=22678"},"modified":"2019-05-21T18:41:47","modified_gmt":"2019-05-21T18:41:47","slug":"italie-des-generateurs-destines-a-larabie-saoudite-laisses-au-port-de-genes","status":"publish","type":"post","link":"https:\/\/www.lejournalduforkane.com\/index.php\/italie-des-generateurs-destines-a-larabie-saoudite-laisses-au-port-de-genes\/","title":{"rendered":"Italie : des g\u00e9n\u00e9rateurs destin\u00e9s \u00e0 l&rsquo;Arabie saoudite laiss\u00e9s au port de G\u00eanes"},"content":{"rendered":"<p><!--more--><\/p>\n<p>Deux g\u00e9n\u00e9rateurs d&rsquo;\u00e9lectricit\u00e9 ont \u00e9t\u00e9 emport\u00e9s vers un entrep\u00f4t de stockage de la ville portuaire de G\u00eanes, en Italie, le 20 mai, apr\u00e8s que syndicats et ouvriers ont refus\u00e9 de les charger sur un navire \u00e0 destination de l&rsquo;Arabie saoudite. Selon les manifestants, les g\u00e9n\u00e9rateurs pourraient \u00eatre utilis\u00e9s \u00e0 des fins militaires au profit de la campagne men\u00e9e par Riyad au Y\u00e9men. \u00abNous ne serons pas complices de ce qui se passe au Y\u00e9men\u00bb, ont indiqu\u00e9 les dirigeants syndicaux dans une d\u00e9claration.<\/p>\n<p>Les autorit\u00e9s g\u00e9noises ont accept\u00e9 de conserver les g\u00e9n\u00e9rateurs dans l\u2019entrep\u00f4t pendant que les douanes et la police financi\u00e8re proc\u00e8dent \u00e0 leurs \u00e9valuations.<\/p>\n<p><iframe loading=\"lazy\" width=\"560\" height=\"315\" src=\"https:\/\/www.youtube.com\/embed\/JsisClE7lQU\" frameborder=\"0\" allow=\"accelerometer; autoplay; encrypted-media; gyroscope; picture-in-picture\" allowfullscreen><\/iframe><\/p>\n","protected":false},"excerpt":{"rendered":"Deux g\u00e9n\u00e9rateurs d'\u00e9lectricit\u00e9 ont \u00e9t\u00e9 emport\u00e9s vers un entrep\u00f4t de stockage de la ville portuaire de G\u00eanes, en Italie, le 20 mai, apr\u00e8s que syndicats et ouvriers ont refus\u00e9 de","protected":false},"author":2,"featured_media":0,"comment_status":"closed","ping_status":"open","sticky":false,"template":"","format":"standard","meta":[],"categories":[49],"tags":[],"_links":{"self":[{"href":"https:\/\/www.lejournalduforkane.com\/index.php\/wp-json\/wp\/v2\/posts\/22678"}],"collection":[{"href":"https:\/\/www.lejournalduforkane.com\/index.php\/wp-json\/wp\/v2\/posts"}],"about":[{"href":"https:\/\/www.lejournalduforkane.com\/index.php\/wp-json\/wp\/v2\/types\/post"}],"author":[{"embeddable":true,"href":"https:\/\/www.lejournalduforkane.com\/index.php\/wp-json\/wp\/v2\/users\/2"}],"replies":[{"embeddable":true,"href":"https:\/\/www.lejournalduforkane.com\/index.php\/wp-json\/wp\/v2\/comments?post=22678"}],"version-history":[{"count":1,"href":"https:\/\/www.lejournalduforkane.com\/index.php\/wp-json\/wp\/v2\/posts\/22678\/revisions"}],"predecessor-version":[{"id":22680,"href":"https:\/\/www.lejournalduforkane.com\/index.php\/wp-json\/wp\/v2\/posts\/22678\/revisions\/22680"}],"wp:attachment":[{"href":"https:\/\/www.lejournalduforkane.com\/index.php\/wp-json\/wp\/v2\/media?parent=22678"}],"wp:term":[{"taxonomy":"category","embeddable":true,"href":"https:\/\/www.lejournalduforkane.com\/index.php\/wp-json\/wp\/v2\/categories?post=22678"},{"taxonomy":"post_tag","embeddable":true,"href":"https:\/\/www.lejournalduforkane.com\/index.php\/wp-json\/wp\/v2\/tags?post=22678"}],"curies":[{"name":"wp","href":"https:\/\/api.w.org\/{rel}","templated":true}]}}