
{"id":22682,"date":"2019-05-22T18:18:02","date_gmt":"2019-05-22T18:18:02","guid":{"rendered":"https:\/\/www.lejournalduforkane.com\/?p=22682"},"modified":"2019-05-22T18:18:02","modified_gmt":"2019-05-22T18:18:02","slug":"regardez-le-pere-mario-hadchiti-mene-une-initiative-pour-distribuer-de-leau-et-des-dattes-pour-les-jeuneurs-de-jericho","status":"publish","type":"post","link":"https:\/\/www.lejournalduforkane.com\/index.php\/regardez-le-pere-mario-hadchiti-mene-une-initiative-pour-distribuer-de-leau-et-des-dattes-pour-les-jeuneurs-de-jericho\/","title":{"rendered":"Regardez | Le P\u00e8re Mario Hadchiti m\u00e8ne une initiative pour distribuer de l&rsquo;eau et des dattes pour les je\u00fbneurs de J\u00e9richo"},"content":{"rendered":"<p><!--more--><br \/>\n<iframe loading=\"lazy\" width=\"620\" height=\"405\" src=\"\/\/rutube.ru\/play\/embed\/12385383\" frameborder=\"0\" webkitAllowFullScreen mozallowfullscreen allowfullscreen><\/iframe><\/p>\n<p><img loading=\"lazy\" src=\"https:\/\/www.lejournalduforkane.com\/wp-content\/uploads\/2019\/05\/Le-P\u00e8re-Mario-Hadchiti-m\u00e8ne-une-initiative-pour-distribuer-de-leau-et-des-dattes-pour-les-je\u00fbneurs-de-J\u00e9richo.jpg\" alt=\"Le P\u00e8re Mario Hadchiti m\u00e8ne une initiative pour distribuer de l&#039;eau et des dattes pour les je\u00fbneurs de J\u00e9richo\" width=\"412\" height=\"235\" class=\"alignnone size-full wp-image-22685\" srcset=\"https:\/\/www.lejournalduforkane.com\/wp-content\/uploads\/2019\/05\/Le-P\u00e8re-Mario-Hadchiti-m\u00e8ne-une-initiative-pour-distribuer-de-leau-et-des-dattes-pour-les-je\u00fbneurs-de-J\u00e9richo.jpg 412w, https:\/\/www.lejournalduforkane.com\/wp-content\/uploads\/2019\/05\/Le-P\u00e8re-Mario-Hadchiti-m\u00e8ne-une-initiative-pour-distribuer-de-leau-et-des-dattes-pour-les-je\u00fbneurs-de-J\u00e9richo-300x171.jpg 300w\" sizes=\"(max-width: 412px) 100vw, 412px\" \/><\/p>\n","protected":false},"excerpt":{"rendered":"","protected":false},"author":2,"featured_media":0,"comment_status":"closed","ping_status":"open","sticky":false,"template":"","format":"standard","meta":[],"categories":[49],"tags":[],"_links":{"self":[{"href":"https:\/\/www.lejournalduforkane.com\/index.php\/wp-json\/wp\/v2\/posts\/22682"}],"collection":[{"href":"https:\/\/www.lejournalduforkane.com\/index.php\/wp-json\/wp\/v2\/posts"}],"about":[{"href":"https:\/\/www.lejournalduforkane.com\/index.php\/wp-json\/wp\/v2\/types\/post"}],"author":[{"embeddable":true,"href":"https:\/\/www.lejournalduforkane.com\/index.php\/wp-json\/wp\/v2\/users\/2"}],"replies":[{"embeddable":true,"href":"https:\/\/www.lejournalduforkane.com\/index.php\/wp-json\/wp\/v2\/comments?post=22682"}],"version-history":[{"count":1,"href":"https:\/\/www.lejournalduforkane.com\/index.php\/wp-json\/wp\/v2\/posts\/22682\/revisions"}],"predecessor-version":[{"id":22686,"href":"https:\/\/www.lejournalduforkane.com\/index.php\/wp-json\/wp\/v2\/posts\/22682\/revisions\/22686"}],"wp:attachment":[{"href":"https:\/\/www.lejournalduforkane.com\/index.php\/wp-json\/wp\/v2\/media?parent=22682"}],"wp:term":[{"taxonomy":"category","embeddable":true,"href":"https:\/\/www.lejournalduforkane.com\/index.php\/wp-json\/wp\/v2\/categories?post=22682"},{"taxonomy":"post_tag","embeddable":true,"href":"https:\/\/www.lejournalduforkane.com\/index.php\/wp-json\/wp\/v2\/tags?post=22682"}],"curies":[{"name":"wp","href":"https:\/\/api.w.org\/{rel}","templated":true}]}}