
{"id":22684,"date":"2019-05-22T18:23:51","date_gmt":"2019-05-22T18:23:51","guid":{"rendered":"https:\/\/www.lejournalduforkane.com\/?p=22684"},"modified":"2019-05-22T18:23:51","modified_gmt":"2019-05-22T18:23:51","slug":"video-laeroport-saoudien-a-najran-frappe-par-des-drones-yemenites","status":"publish","type":"post","link":"https:\/\/www.lejournalduforkane.com\/index.php\/video-laeroport-saoudien-a-najran-frappe-par-des-drones-yemenites\/","title":{"rendered":"Vid\u00e9o : L&rsquo;a\u00e9roport saoudien \u00e0 Najran frapp\u00e9 par des drones y\u00e9m\u00e9nites"},"content":{"rendered":"<p><!--more--><\/p>\n<p>Selon la cha\u00eene de t\u00e9l\u00e9vision y\u00e9m\u00e9nite al-Masirah, des hangars abritant des avions de combat saoudiens ont \u00e9t\u00e9 touch\u00e9s.<\/p>\n<p>Le rapport ne donnait pas de d\u00e9tails sur d&rsquo;\u00e9ventuelles victimes ou des d\u00e9g\u00e2ts mat\u00e9riels.<\/p>\n<p>Un jour plus t\u00f4t, le r\u00e9seau avait d\u00e9clar\u00e9 que les forces y\u00e9m\u00e9nites, dirig\u00e9es par les r\u00e9sistants d\u2019Ansarullah, avaient lanc\u00e9 une contre-attaque sur un d\u00e9p\u00f4t d&rsquo;armes \u00e0 l&rsquo;int\u00e9rieur du m\u00eame a\u00e9roport, \u00e0 l&rsquo;aide d&rsquo;un drone de combat Qasef-2K. <\/p>\n<p>Les R\u00e9sistants d\u2019Ansarullah a averti dimanche que des frappes ant\u00e9rieures sur un ol\u00e9oduc traversant l\u2019Arabie saoudite avaient marqu\u00e9 le d\u00e9but des op\u00e9rations contre 300 cibles vitales dans le royaume, les \u00c9mirats arabes unis.<\/p>\n<p>Les personnes sans d\u00e9fense du Y\u00e9men font l\u2019objet d\u2019attaques massives de la part d\u2019une coalition dirig\u00e9e par l\u2019Arabie saoudite depuis plus de 4 ans, mais Riyad n\u2019a encore atteint aucun de ses objectifs au Y\u00e9men.<\/p>\n<p>Depuis mars 2015, l&rsquo;Arabie saoudite et certains de ses alli\u00e9s arabes m\u00e8nent des raids a\u00e9riens meurtriers contre le mouvement Houthi Ansarullah afin de r\u00e9tablir le pouvoir sur l&rsquo;ancien pr\u00e9sident fugitif Abd Rabbuh Mansour Hadi, proche alli\u00e9 de Riyadh.<\/p>\n<p>Selon un rapport r\u00e9cent des Nations unies, le bilan de l&rsquo;agression et des maladies provoqu\u00e9es par les Saoudiens est de 233 000 victimes, soit 0,8% de la population du Y\u00e9men, forte de 30 millions d&rsquo;habitants.<\/p>\n<p><iframe loading=\"lazy\" width=\"620\" height=\"405\" src=\"\/\/rutube.ru\/play\/embed\/12385390\" frameborder=\"0\" webkitAllowFullScreen mozallowfullscreen allowfullscreen><\/iframe><\/p>\n<p><img loading=\"lazy\" src=\"https:\/\/www.lejournalduforkane.com\/wp-content\/uploads\/2019\/05\/La\u00e9roport-saoudien-\u00e0-Najran-frapp\u00e9-par-des-drones-y\u00e9m\u00e9nites.jpg\" alt=\"L&#039;a\u00e9roport saoudien \u00e0 Najran frapp\u00e9 par des drones y\u00e9m\u00e9nites\" width=\"434\" height=\"251\" class=\"alignnone size-full wp-image-22687\" srcset=\"https:\/\/www.lejournalduforkane.com\/wp-content\/uploads\/2019\/05\/La\u00e9roport-saoudien-\u00e0-Najran-frapp\u00e9-par-des-drones-y\u00e9m\u00e9nites.jpg 434w, https:\/\/www.lejournalduforkane.com\/wp-content\/uploads\/2019\/05\/La\u00e9roport-saoudien-\u00e0-Najran-frapp\u00e9-par-des-drones-y\u00e9m\u00e9nites-300x174.jpg 300w\" sizes=\"(max-width: 434px) 100vw, 434px\" \/><\/p>\n","protected":false},"excerpt":{"rendered":"Selon la cha\u00eene de t\u00e9l\u00e9vision y\u00e9m\u00e9nite al-Masirah, des hangars abritant des avions de combat saoudiens ont \u00e9t\u00e9 touch\u00e9s. Le rapport ne donnait pas de d\u00e9tails sur d'\u00e9ventuelles victimes ou des","protected":false},"author":2,"featured_media":0,"comment_status":"closed","ping_status":"open","sticky":false,"template":"","format":"standard","meta":[],"categories":[49],"tags":[],"_links":{"self":[{"href":"https:\/\/www.lejournalduforkane.com\/index.php\/wp-json\/wp\/v2\/posts\/22684"}],"collection":[{"href":"https:\/\/www.lejournalduforkane.com\/index.php\/wp-json\/wp\/v2\/posts"}],"about":[{"href":"https:\/\/www.lejournalduforkane.com\/index.php\/wp-json\/wp\/v2\/types\/post"}],"author":[{"embeddable":true,"href":"https:\/\/www.lejournalduforkane.com\/index.php\/wp-json\/wp\/v2\/users\/2"}],"replies":[{"embeddable":true,"href":"https:\/\/www.lejournalduforkane.com\/index.php\/wp-json\/wp\/v2\/comments?post=22684"}],"version-history":[{"count":1,"href":"https:\/\/www.lejournalduforkane.com\/index.php\/wp-json\/wp\/v2\/posts\/22684\/revisions"}],"predecessor-version":[{"id":22688,"href":"https:\/\/www.lejournalduforkane.com\/index.php\/wp-json\/wp\/v2\/posts\/22684\/revisions\/22688"}],"wp:attachment":[{"href":"https:\/\/www.lejournalduforkane.com\/index.php\/wp-json\/wp\/v2\/media?parent=22684"}],"wp:term":[{"taxonomy":"category","embeddable":true,"href":"https:\/\/www.lejournalduforkane.com\/index.php\/wp-json\/wp\/v2\/categories?post=22684"},{"taxonomy":"post_tag","embeddable":true,"href":"https:\/\/www.lejournalduforkane.com\/index.php\/wp-json\/wp\/v2\/tags?post=22684"}],"curies":[{"name":"wp","href":"https:\/\/api.w.org\/{rel}","templated":true}]}}