
{"id":22697,"date":"2019-05-26T18:27:15","date_gmt":"2019-05-26T18:27:15","guid":{"rendered":"https:\/\/www.lejournalduforkane.com\/?p=22697"},"modified":"2019-05-27T18:34:54","modified_gmt":"2019-05-27T18:34:54","slug":"regardez-la-police-israelienne-attaque-brutalement-un-serviteur-palestinien-et-larrete-a-linterieur-de-la-mosquee-sainte-dal-aqsa-dans-jerusalem-occupee-aujourdhui","status":"publish","type":"post","link":"https:\/\/www.lejournalduforkane.com\/index.php\/regardez-la-police-israelienne-attaque-brutalement-un-serviteur-palestinien-et-larrete-a-linterieur-de-la-mosquee-sainte-dal-aqsa-dans-jerusalem-occupee-aujourdhui\/","title":{"rendered":"Regardez | La police isra\u00e9lienne attaque brutalement un serviteur palestinien et l&rsquo;arr\u00eate \u00e0 l&rsquo;int\u00e9rieur de la mosqu\u00e9e Sainte d&rsquo;Al-Aqsa dans J\u00e9rusalem occup\u00e9e, aujourd&rsquo;hui."},"content":{"rendered":"<p><!--more--><br \/>\n<iframe loading=\"lazy\" width=\"620\" height=\"405\" src=\"\/\/rutube.ru\/play\/embed\/12400608\" frameborder=\"0\" webkitAllowFullScreen mozallowfullscreen allowfullscreen><\/iframe><\/p>\n<p>\n","protected":false},"excerpt":{"rendered":"","protected":false},"author":2,"featured_media":0,"comment_status":"closed","ping_status":"open","sticky":false,"template":"","format":"standard","meta":[],"categories":[49],"tags":[],"_links":{"self":[{"href":"https:\/\/www.lejournalduforkane.com\/index.php\/wp-json\/wp\/v2\/posts\/22697"}],"collection":[{"href":"https:\/\/www.lejournalduforkane.com\/index.php\/wp-json\/wp\/v2\/posts"}],"about":[{"href":"https:\/\/www.lejournalduforkane.com\/index.php\/wp-json\/wp\/v2\/types\/post"}],"author":[{"embeddable":true,"href":"https:\/\/www.lejournalduforkane.com\/index.php\/wp-json\/wp\/v2\/users\/2"}],"replies":[{"embeddable":true,"href":"https:\/\/www.lejournalduforkane.com\/index.php\/wp-json\/wp\/v2\/comments?post=22697"}],"version-history":[{"count":1,"href":"https:\/\/www.lejournalduforkane.com\/index.php\/wp-json\/wp\/v2\/posts\/22697\/revisions"}],"predecessor-version":[{"id":22699,"href":"https:\/\/www.lejournalduforkane.com\/index.php\/wp-json\/wp\/v2\/posts\/22697\/revisions\/22699"}],"wp:attachment":[{"href":"https:\/\/www.lejournalduforkane.com\/index.php\/wp-json\/wp\/v2\/media?parent=22697"}],"wp:term":[{"taxonomy":"category","embeddable":true,"href":"https:\/\/www.lejournalduforkane.com\/index.php\/wp-json\/wp\/v2\/categories?post=22697"},{"taxonomy":"post_tag","embeddable":true,"href":"https:\/\/www.lejournalduforkane.com\/index.php\/wp-json\/wp\/v2\/tags?post=22697"}],"curies":[{"name":"wp","href":"https:\/\/api.w.org\/{rel}","templated":true}]}}