
{"id":22716,"date":"2019-05-28T18:43:50","date_gmt":"2019-05-28T18:43:50","guid":{"rendered":"https:\/\/www.lejournalduforkane.com\/?p=22716"},"modified":"2019-05-28T18:43:50","modified_gmt":"2019-05-28T18:43:50","slug":"des-equipements-de-fabrication-allemandes-retrouves-dans-les-repaires-des-terroristes-casques-blancs-a-hama-qalat-el-madiq","status":"publish","type":"post","link":"https:\/\/www.lejournalduforkane.com\/index.php\/des-equipements-de-fabrication-allemandes-retrouves-dans-les-repaires-des-terroristes-casques-blancs-a-hama-qalat-el-madiq\/","title":{"rendered":"Des \u00e9quipements de fabrication allemandes retrouv\u00e9s dans les repaires des terroristes \u00ab\u00a0casques blancs\u00a0\u00bb \u00e0 Hama &#8211; Qal&rsquo;at el-Madiq"},"content":{"rendered":"<p><!--more--><\/p>\n<p><iframe loading=\"lazy\" width=\"560\" height=\"315\" src=\"https:\/\/www.youtube.com\/embed\/yj6oXq945WM\" frameborder=\"0\" allow=\"accelerometer; autoplay; encrypted-media; gyroscope; picture-in-picture\" allowfullscreen><\/iframe><\/p>\n<p><img loading=\"lazy\" src=\"https:\/\/www.lejournalduforkane.com\/wp-content\/uploads\/2019\/05\/Des-\u00e9quipements-de-fabrication-allemandes-retrouv\u00e9s-dans-les-repaires-des-terroristes-casques-blancs-\u00e0-Hama-Qalat-el-Madiq.jpg\" alt=\"Des \u00e9quipements de fabrication allemandes retrouv\u00e9s dans les repaires des terroristes casques blancs \u00e0 Hama - Qal&#039;at el-Madiq\" width=\"768\" height=\"433\" class=\"alignnone size-full wp-image-22717\" srcset=\"https:\/\/www.lejournalduforkane.com\/wp-content\/uploads\/2019\/05\/Des-\u00e9quipements-de-fabrication-allemandes-retrouv\u00e9s-dans-les-repaires-des-terroristes-casques-blancs-\u00e0-Hama-Qalat-el-Madiq.jpg 768w, https:\/\/www.lejournalduforkane.com\/wp-content\/uploads\/2019\/05\/Des-\u00e9quipements-de-fabrication-allemandes-retrouv\u00e9s-dans-les-repaires-des-terroristes-casques-blancs-\u00e0-Hama-Qalat-el-Madiq-300x169.jpg 300w\" sizes=\"(max-width: 768px) 100vw, 768px\" \/><\/p>\n","protected":false},"excerpt":{"rendered":"","protected":false},"author":2,"featured_media":0,"comment_status":"closed","ping_status":"open","sticky":false,"template":"","format":"standard","meta":[],"categories":[49],"tags":[],"_links":{"self":[{"href":"https:\/\/www.lejournalduforkane.com\/index.php\/wp-json\/wp\/v2\/posts\/22716"}],"collection":[{"href":"https:\/\/www.lejournalduforkane.com\/index.php\/wp-json\/wp\/v2\/posts"}],"about":[{"href":"https:\/\/www.lejournalduforkane.com\/index.php\/wp-json\/wp\/v2\/types\/post"}],"author":[{"embeddable":true,"href":"https:\/\/www.lejournalduforkane.com\/index.php\/wp-json\/wp\/v2\/users\/2"}],"replies":[{"embeddable":true,"href":"https:\/\/www.lejournalduforkane.com\/index.php\/wp-json\/wp\/v2\/comments?post=22716"}],"version-history":[{"count":1,"href":"https:\/\/www.lejournalduforkane.com\/index.php\/wp-json\/wp\/v2\/posts\/22716\/revisions"}],"predecessor-version":[{"id":22718,"href":"https:\/\/www.lejournalduforkane.com\/index.php\/wp-json\/wp\/v2\/posts\/22716\/revisions\/22718"}],"wp:attachment":[{"href":"https:\/\/www.lejournalduforkane.com\/index.php\/wp-json\/wp\/v2\/media?parent=22716"}],"wp:term":[{"taxonomy":"category","embeddable":true,"href":"https:\/\/www.lejournalduforkane.com\/index.php\/wp-json\/wp\/v2\/categories?post=22716"},{"taxonomy":"post_tag","embeddable":true,"href":"https:\/\/www.lejournalduforkane.com\/index.php\/wp-json\/wp\/v2\/tags?post=22716"}],"curies":[{"name":"wp","href":"https:\/\/api.w.org\/{rel}","templated":true}]}}