
{"id":22744,"date":"2019-06-06T18:19:29","date_gmt":"2019-06-06T18:19:29","guid":{"rendered":"https:\/\/www.lejournalduforkane.com\/?p=22744"},"modified":"2019-06-09T18:29:13","modified_gmt":"2019-06-09T18:29:13","slug":"en-video-le-president-al-assad-effectue-la-priere-de-laid-al-fitr-a-la-mosquee-du-president-hafez-al-assad-a-damas","status":"publish","type":"post","link":"https:\/\/www.lejournalduforkane.com\/index.php\/en-video-le-president-al-assad-effectue-la-priere-de-laid-al-fitr-a-la-mosquee-du-president-hafez-al-assad-a-damas\/","title":{"rendered":"En vid\u00e9o : Le Pr\u00e9sident Al-Assad effectue la pri\u00e8re de l&rsquo;A\u00efd Al-Fitr \u00e0 la mosqu\u00e9e du Pr\u00e9sident Hafez Al-Assad \u00e0 Damas"},"content":{"rendered":"<p><!--more--><br \/>\n<iframe loading=\"lazy\" width=\"620\" height=\"405\" src=\"\/\/rutube.ru\/play\/embed\/12431253\" frameborder=\"0\" webkitAllowFullScreen mozallowfullscreen allowfullscreen><\/iframe><\/p>\n<p>\n","protected":false},"excerpt":{"rendered":"","protected":false},"author":2,"featured_media":0,"comment_status":"closed","ping_status":"open","sticky":false,"template":"","format":"standard","meta":[],"categories":[49],"tags":[],"_links":{"self":[{"href":"https:\/\/www.lejournalduforkane.com\/index.php\/wp-json\/wp\/v2\/posts\/22744"}],"collection":[{"href":"https:\/\/www.lejournalduforkane.com\/index.php\/wp-json\/wp\/v2\/posts"}],"about":[{"href":"https:\/\/www.lejournalduforkane.com\/index.php\/wp-json\/wp\/v2\/types\/post"}],"author":[{"embeddable":true,"href":"https:\/\/www.lejournalduforkane.com\/index.php\/wp-json\/wp\/v2\/users\/2"}],"replies":[{"embeddable":true,"href":"https:\/\/www.lejournalduforkane.com\/index.php\/wp-json\/wp\/v2\/comments?post=22744"}],"version-history":[{"count":1,"href":"https:\/\/www.lejournalduforkane.com\/index.php\/wp-json\/wp\/v2\/posts\/22744\/revisions"}],"predecessor-version":[{"id":22746,"href":"https:\/\/www.lejournalduforkane.com\/index.php\/wp-json\/wp\/v2\/posts\/22744\/revisions\/22746"}],"wp:attachment":[{"href":"https:\/\/www.lejournalduforkane.com\/index.php\/wp-json\/wp\/v2\/media?parent=22744"}],"wp:term":[{"taxonomy":"category","embeddable":true,"href":"https:\/\/www.lejournalduforkane.com\/index.php\/wp-json\/wp\/v2\/categories?post=22744"},{"taxonomy":"post_tag","embeddable":true,"href":"https:\/\/www.lejournalduforkane.com\/index.php\/wp-json\/wp\/v2\/tags?post=22744"}],"curies":[{"name":"wp","href":"https:\/\/api.w.org\/{rel}","templated":true}]}}