
{"id":22750,"date":"2020-08-24T18:32:54","date_gmt":"2020-08-24T18:32:54","guid":{"rendered":"https:\/\/www.lejournalduforkane.com\/?p=22750"},"modified":"2020-08-24T17:07:25","modified_gmt":"2020-08-24T17:07:25","slug":"nasrallah-sans-le-hezbollah-trump-aurait-reconnu-le-sud-liban-comme-un-territoire-israelien","status":"publish","type":"post","link":"https:\/\/www.lejournalduforkane.com\/index.php\/nasrallah-sans-le-hezbollah-trump-aurait-reconnu-le-sud-liban-comme-un-territoire-israelien\/","title":{"rendered":"Nasrallah : sans le Hezbollah, Trump aurait reconnu le Sud-Liban comme un territoire isra\u00e9lien"},"content":{"rendered":"<p><!--more--><br \/>\nDiscours du Secr\u00e9taire G\u00e9n\u00e9ral du Hezbollah, Sayed Hassan Nasrallah, le 25 mai 2019, \u00e0 l&rsquo;occasion du 19e anniversaire de la Lib\u00e9ration du Liban (VOSTFR \/ sous-titres fran\u00e7ais).<\/p>\n<p><iframe loading=\"lazy\" src=\"https:\/\/player.vimeo.com\/video\/339665565\" width=\"640\" height=\"360\" frameborder=\"0\" allowfullscreen=\"allowfullscreen\"><\/iframe><\/p>\n","protected":false},"excerpt":{"rendered":"Discours du Secr\u00e9taire G\u00e9n\u00e9ral du Hezbollah, Sayed Hassan Nasrallah, le 25 mai 2019, \u00e0 l'occasion du 19e anniversaire de la Lib\u00e9ration du Liban (VOSTFR \/ sous-titres fran\u00e7ais).","protected":false},"author":2,"featured_media":0,"comment_status":"closed","ping_status":"open","sticky":false,"template":"","format":"standard","meta":[],"categories":[],"tags":[],"_links":{"self":[{"href":"https:\/\/www.lejournalduforkane.com\/index.php\/wp-json\/wp\/v2\/posts\/22750"}],"collection":[{"href":"https:\/\/www.lejournalduforkane.com\/index.php\/wp-json\/wp\/v2\/posts"}],"about":[{"href":"https:\/\/www.lejournalduforkane.com\/index.php\/wp-json\/wp\/v2\/types\/post"}],"author":[{"embeddable":true,"href":"https:\/\/www.lejournalduforkane.com\/index.php\/wp-json\/wp\/v2\/users\/2"}],"replies":[{"embeddable":true,"href":"https:\/\/www.lejournalduforkane.com\/index.php\/wp-json\/wp\/v2\/comments?post=22750"}],"version-history":[{"count":2,"href":"https:\/\/www.lejournalduforkane.com\/index.php\/wp-json\/wp\/v2\/posts\/22750\/revisions"}],"predecessor-version":[{"id":25213,"href":"https:\/\/www.lejournalduforkane.com\/index.php\/wp-json\/wp\/v2\/posts\/22750\/revisions\/25213"}],"wp:attachment":[{"href":"https:\/\/www.lejournalduforkane.com\/index.php\/wp-json\/wp\/v2\/media?parent=22750"}],"wp:term":[{"taxonomy":"category","embeddable":true,"href":"https:\/\/www.lejournalduforkane.com\/index.php\/wp-json\/wp\/v2\/categories?post=22750"},{"taxonomy":"post_tag","embeddable":true,"href":"https:\/\/www.lejournalduforkane.com\/index.php\/wp-json\/wp\/v2\/tags?post=22750"}],"curies":[{"name":"wp","href":"https:\/\/api.w.org\/{rel}","templated":true}]}}