
{"id":22753,"date":"2019-06-10T18:36:11","date_gmt":"2019-06-10T18:36:11","guid":{"rendered":"https:\/\/www.lejournalduforkane.com\/?p=22753"},"modified":"2019-06-10T18:38:35","modified_gmt":"2019-06-10T18:38:35","slug":"mobilisation-contre-la-guerre-au-yemen-dans-les-ports-de-france","status":"publish","type":"post","link":"https:\/\/www.lejournalduforkane.com\/index.php\/mobilisation-contre-la-guerre-au-yemen-dans-les-ports-de-france\/","title":{"rendered":"Mobilisation contre la guerre au Y\u00e9men dans les ports de France !"},"content":{"rendered":"<p><!--more--><br \/>\nMobilisation contre la guerre au Y\u00e9men dans les ports de France !<\/p>\n<p>Mobilisation contre la guerre au Y\u00e9men dans les ports de France? Le d\u00e9put\u00e9 S\u00e9bastien Nadot (Haute Garonne) nous parle de la mobilisation civile contre les ventes d&rsquo;armes fran\u00e7aises.<\/p>\n<p><iframe loading=\"lazy\" width=\"560\" height=\"315\" src=\"https:\/\/www.youtube.com\/embed\/8fdSNWaFpQQ\" frameborder=\"0\" allow=\"accelerometer; autoplay; encrypted-media; gyroscope; picture-in-picture\" allowfullscreen><\/iframe><\/p>\n<p><img loading=\"lazy\" src=\"https:\/\/www.lejournalduforkane.com\/wp-content\/uploads\/2019\/06\/Mobilisation-contre-la-guerre-au-Y\u00e9men-dans-les-ports-de-France-.jpg\" alt=\"Mobilisation contre la guerre au Y\u00e9men dans les ports de France !\" width=\"764\" height=\"431\" class=\"alignnone size-full wp-image-22754\" srcset=\"https:\/\/www.lejournalduforkane.com\/wp-content\/uploads\/2019\/06\/Mobilisation-contre-la-guerre-au-Y\u00e9men-dans-les-ports-de-France-.jpg 764w, https:\/\/www.lejournalduforkane.com\/wp-content\/uploads\/2019\/06\/Mobilisation-contre-la-guerre-au-Y\u00e9men-dans-les-ports-de-France--300x169.jpg 300w\" sizes=\"(max-width: 764px) 100vw, 764px\" \/><\/p>\n","protected":false},"excerpt":{"rendered":"Mobilisation contre la guerre au Y\u00e9men dans les ports de France ! Mobilisation contre la guerre au Y\u00e9men dans les ports de France? Le d\u00e9put\u00e9 S\u00e9bastien Nadot (Haute Garonne) nous","protected":false},"author":2,"featured_media":0,"comment_status":"closed","ping_status":"open","sticky":false,"template":"","format":"standard","meta":[],"categories":[49],"tags":[],"_links":{"self":[{"href":"https:\/\/www.lejournalduforkane.com\/index.php\/wp-json\/wp\/v2\/posts\/22753"}],"collection":[{"href":"https:\/\/www.lejournalduforkane.com\/index.php\/wp-json\/wp\/v2\/posts"}],"about":[{"href":"https:\/\/www.lejournalduforkane.com\/index.php\/wp-json\/wp\/v2\/types\/post"}],"author":[{"embeddable":true,"href":"https:\/\/www.lejournalduforkane.com\/index.php\/wp-json\/wp\/v2\/users\/2"}],"replies":[{"embeddable":true,"href":"https:\/\/www.lejournalduforkane.com\/index.php\/wp-json\/wp\/v2\/comments?post=22753"}],"version-history":[{"count":3,"href":"https:\/\/www.lejournalduforkane.com\/index.php\/wp-json\/wp\/v2\/posts\/22753\/revisions"}],"predecessor-version":[{"id":22757,"href":"https:\/\/www.lejournalduforkane.com\/index.php\/wp-json\/wp\/v2\/posts\/22753\/revisions\/22757"}],"wp:attachment":[{"href":"https:\/\/www.lejournalduforkane.com\/index.php\/wp-json\/wp\/v2\/media?parent=22753"}],"wp:term":[{"taxonomy":"category","embeddable":true,"href":"https:\/\/www.lejournalduforkane.com\/index.php\/wp-json\/wp\/v2\/categories?post=22753"},{"taxonomy":"post_tag","embeddable":true,"href":"https:\/\/www.lejournalduforkane.com\/index.php\/wp-json\/wp\/v2\/tags?post=22753"}],"curies":[{"name":"wp","href":"https:\/\/api.w.org\/{rel}","templated":true}]}}