
{"id":22758,"date":"2019-06-12T18:18:49","date_gmt":"2019-06-12T18:18:49","guid":{"rendered":"https:\/\/www.lejournalduforkane.com\/?p=22758"},"modified":"2019-06-12T18:18:49","modified_gmt":"2019-06-12T18:18:49","slug":"lex-prisonnier-palestinien-ahmad-qaddumi-rencontre-sa-mere-au-moment-ou-il-a-ete-libere-des-prisons-israeliennes-apres-17-ans-de-detention-aujourdhui","status":"publish","type":"post","link":"https:\/\/www.lejournalduforkane.com\/index.php\/lex-prisonnier-palestinien-ahmad-qaddumi-rencontre-sa-mere-au-moment-ou-il-a-ete-libere-des-prisons-israeliennes-apres-17-ans-de-detention-aujourdhui\/","title":{"rendered":"L&rsquo;ex-Prisonnier Palestinien Ahmad Qaddumi rencontre sa m\u00e8re au moment o\u00f9 il a \u00e9t\u00e9 lib\u00e9r\u00e9 des prisons isra\u00e9liennes apr\u00e8s 17 ans de d\u00e9tention, aujourd&rsquo;hui"},"content":{"rendered":"<p><!--more--><\/p>\n<p><iframe loading=\"lazy\" width=\"620\" height=\"405\" src=\"\/\/rutube.ru\/play\/embed\/12443861\" frameborder=\"0\" webkitAllowFullScreen mozallowfullscreen allowfullscreen><\/iframe><\/p>\n<p><img loading=\"lazy\" src=\"https:\/\/www.lejournalduforkane.com\/wp-content\/uploads\/2019\/06\/Lex-Prisonnier-Palestinien-Ahmad-Qaddumi-rencontre-sa-m\u00e8re-au-moment-o\u00f9-il-a-\u00e9t\u00e9-lib\u00e9r\u00e9-des-prisons-isra\u00e9liennes-apr\u00e8s-17-ans-de-d\u00e9tention-aujourdhui.jpg\" alt=\"L&#039;ex-Prisonnier Palestinien Ahmad Qaddumi rencontre sa m\u00e8re au moment o\u00f9 il a \u00e9t\u00e9 lib\u00e9r\u00e9 des prisons isra\u00e9liennes apr\u00e8s 17 ans de d\u00e9tention, aujourd&#039;hui\" width=\"738\" height=\"404\" class=\"alignnone size-full wp-image-22759\" srcset=\"https:\/\/www.lejournalduforkane.com\/wp-content\/uploads\/2019\/06\/Lex-Prisonnier-Palestinien-Ahmad-Qaddumi-rencontre-sa-m\u00e8re-au-moment-o\u00f9-il-a-\u00e9t\u00e9-lib\u00e9r\u00e9-des-prisons-isra\u00e9liennes-apr\u00e8s-17-ans-de-d\u00e9tention-aujourdhui.jpg 738w, https:\/\/www.lejournalduforkane.com\/wp-content\/uploads\/2019\/06\/Lex-Prisonnier-Palestinien-Ahmad-Qaddumi-rencontre-sa-m\u00e8re-au-moment-o\u00f9-il-a-\u00e9t\u00e9-lib\u00e9r\u00e9-des-prisons-isra\u00e9liennes-apr\u00e8s-17-ans-de-d\u00e9tention-aujourdhui-300x164.jpg 300w\" sizes=\"(max-width: 738px) 100vw, 738px\" \/><\/p>\n","protected":false},"excerpt":{"rendered":"","protected":false},"author":2,"featured_media":0,"comment_status":"closed","ping_status":"open","sticky":false,"template":"","format":"standard","meta":[],"categories":[49],"tags":[],"_links":{"self":[{"href":"https:\/\/www.lejournalduforkane.com\/index.php\/wp-json\/wp\/v2\/posts\/22758"}],"collection":[{"href":"https:\/\/www.lejournalduforkane.com\/index.php\/wp-json\/wp\/v2\/posts"}],"about":[{"href":"https:\/\/www.lejournalduforkane.com\/index.php\/wp-json\/wp\/v2\/types\/post"}],"author":[{"embeddable":true,"href":"https:\/\/www.lejournalduforkane.com\/index.php\/wp-json\/wp\/v2\/users\/2"}],"replies":[{"embeddable":true,"href":"https:\/\/www.lejournalduforkane.com\/index.php\/wp-json\/wp\/v2\/comments?post=22758"}],"version-history":[{"count":1,"href":"https:\/\/www.lejournalduforkane.com\/index.php\/wp-json\/wp\/v2\/posts\/22758\/revisions"}],"predecessor-version":[{"id":22760,"href":"https:\/\/www.lejournalduforkane.com\/index.php\/wp-json\/wp\/v2\/posts\/22758\/revisions\/22760"}],"wp:attachment":[{"href":"https:\/\/www.lejournalduforkane.com\/index.php\/wp-json\/wp\/v2\/media?parent=22758"}],"wp:term":[{"taxonomy":"category","embeddable":true,"href":"https:\/\/www.lejournalduforkane.com\/index.php\/wp-json\/wp\/v2\/categories?post=22758"},{"taxonomy":"post_tag","embeddable":true,"href":"https:\/\/www.lejournalduforkane.com\/index.php\/wp-json\/wp\/v2\/tags?post=22758"}],"curies":[{"name":"wp","href":"https:\/\/api.w.org\/{rel}","templated":true}]}}