
{"id":22761,"date":"2019-06-12T18:20:26","date_gmt":"2019-06-12T18:20:26","guid":{"rendered":"https:\/\/www.lejournalduforkane.com\/?p=22761"},"modified":"2019-06-12T18:20:26","modified_gmt":"2019-06-12T18:20:26","slug":"arabie-saoudite-un-adolescent-arrete-pour-avoir-manifeste-a-10-ans-risque-la-peine-de-mort","status":"publish","type":"post","link":"https:\/\/www.lejournalduforkane.com\/index.php\/arabie-saoudite-un-adolescent-arrete-pour-avoir-manifeste-a-10-ans-risque-la-peine-de-mort\/","title":{"rendered":"Arabie saoudite : un adolescent, arr\u00eat\u00e9 pour avoir manifest\u00e9 \u00e0 10 ans, risque la peine de mort"},"content":{"rendered":"<p><!--more--><\/p>\n<p>Le 23 avril dernier, en Arabie saoudite, 37 personnes avaient \u00e9t\u00e9 ex\u00e9cut\u00e9es pour des faits de \u00abterrorisme\u00bb. De nombreuses associations craignent qu&rsquo;un jeune gar\u00e7on arr\u00eat\u00e9 \u00e0 l&rsquo;\u00e2ge de 13 ans en 2013 pour avoir particip\u00e9 \u00e0 des manifestations \u00e0 l&rsquo;\u00e2ge de 10 ans, subisse le m\u00eame sort.<\/p>\n<p><iframe loading=\"lazy\" width=\"560\" height=\"315\" src=\"https:\/\/www.youtube.com\/embed\/bvjmuw-XeaM\" frameborder=\"0\" allow=\"accelerometer; autoplay; encrypted-media; gyroscope; picture-in-picture\" allowfullscreen><\/iframe><\/p>\n<p><img loading=\"lazy\" src=\"https:\/\/www.lejournalduforkane.com\/wp-content\/uploads\/2019\/06\/un-adolescent-arr\u00eat\u00e9-pour-avoir-manifest\u00e9-\u00e0-10-ans-risque-la-peine-de-mort.jpg\" alt=\"un adolescent, arr\u00eat\u00e9 pour avoir manifest\u00e9 \u00e0 10 ans, risque la peine de mort\" width=\"768\" height=\"436\" class=\"alignnone size-full wp-image-22762\" srcset=\"https:\/\/www.lejournalduforkane.com\/wp-content\/uploads\/2019\/06\/un-adolescent-arr\u00eat\u00e9-pour-avoir-manifest\u00e9-\u00e0-10-ans-risque-la-peine-de-mort.jpg 768w, https:\/\/www.lejournalduforkane.com\/wp-content\/uploads\/2019\/06\/un-adolescent-arr\u00eat\u00e9-pour-avoir-manifest\u00e9-\u00e0-10-ans-risque-la-peine-de-mort-300x170.jpg 300w\" sizes=\"(max-width: 768px) 100vw, 768px\" \/><\/p>\n","protected":false},"excerpt":{"rendered":"Le 23 avril dernier, en Arabie saoudite, 37 personnes avaient \u00e9t\u00e9 ex\u00e9cut\u00e9es pour des faits de \u00abterrorisme\u00bb. De nombreuses associations craignent qu'un jeune gar\u00e7on arr\u00eat\u00e9 \u00e0 l'\u00e2ge de 13 ans","protected":false},"author":2,"featured_media":0,"comment_status":"closed","ping_status":"open","sticky":false,"template":"","format":"standard","meta":[],"categories":[49],"tags":[],"_links":{"self":[{"href":"https:\/\/www.lejournalduforkane.com\/index.php\/wp-json\/wp\/v2\/posts\/22761"}],"collection":[{"href":"https:\/\/www.lejournalduforkane.com\/index.php\/wp-json\/wp\/v2\/posts"}],"about":[{"href":"https:\/\/www.lejournalduforkane.com\/index.php\/wp-json\/wp\/v2\/types\/post"}],"author":[{"embeddable":true,"href":"https:\/\/www.lejournalduforkane.com\/index.php\/wp-json\/wp\/v2\/users\/2"}],"replies":[{"embeddable":true,"href":"https:\/\/www.lejournalduforkane.com\/index.php\/wp-json\/wp\/v2\/comments?post=22761"}],"version-history":[{"count":1,"href":"https:\/\/www.lejournalduforkane.com\/index.php\/wp-json\/wp\/v2\/posts\/22761\/revisions"}],"predecessor-version":[{"id":22763,"href":"https:\/\/www.lejournalduforkane.com\/index.php\/wp-json\/wp\/v2\/posts\/22761\/revisions\/22763"}],"wp:attachment":[{"href":"https:\/\/www.lejournalduforkane.com\/index.php\/wp-json\/wp\/v2\/media?parent=22761"}],"wp:term":[{"taxonomy":"category","embeddable":true,"href":"https:\/\/www.lejournalduforkane.com\/index.php\/wp-json\/wp\/v2\/categories?post=22761"},{"taxonomy":"post_tag","embeddable":true,"href":"https:\/\/www.lejournalduforkane.com\/index.php\/wp-json\/wp\/v2\/tags?post=22761"}],"curies":[{"name":"wp","href":"https:\/\/api.w.org\/{rel}","templated":true}]}}