
{"id":22776,"date":"2019-06-16T17:54:50","date_gmt":"2019-06-16T17:54:50","guid":{"rendered":"https:\/\/www.lejournalduforkane.com\/?p=22776"},"modified":"2019-06-16T17:54:50","modified_gmt":"2019-06-16T17:54:50","slug":"nasrallah-la-resistance-et-les-peuples-arabo-musulmans-nabandonneront-jamais-la-palestine","status":"publish","type":"post","link":"https:\/\/www.lejournalduforkane.com\/index.php\/nasrallah-la-resistance-et-les-peuples-arabo-musulmans-nabandonneront-jamais-la-palestine\/","title":{"rendered":"Nasrallah: la R\u00e9sistance et les peuples arabo-musulmans n\u2019abandonneront jamais la Palestine"},"content":{"rendered":"<p><!--more--><br \/>\nNasrallah: la R\u00e9sistance et les peuples arabo-musulmans n\u2019abandonneront jamais la Palestine<\/p>\n<p>Discours du Secr\u00e9taire G\u00e9n\u00e9ral du Hezbollah, Sayed Hassan Nasrallah, le vendredi 31 mai 2019, \u00e0 l&rsquo;occasion de la Journ\u00e9e Internationale d&rsquo;Al-Quds (J\u00e9rusalem). VOSTFR \/ sous-titres fran\u00e7ais.<\/p>\n<p><iframe loading=\"lazy\" src=\"https:\/\/player.vimeo.com\/video\/341813002\" width=\"640\" height=\"360\" frameborder=\"0\" allow=\"autoplay; fullscreen\" allowfullscreen><\/iframe><\/p>\n<p><img loading=\"lazy\" src=\"https:\/\/www.lejournalduforkane.com\/wp-content\/uploads\/2019\/06\/la-R\u00e9sistance-et-les-peuples-arabo-musulmans-n\u2019abandonneront-jamais-la-Palestine.jpg\" alt=\"la R\u00e9sistance et les peuples arabo-musulmans n\u2019abandonneront jamais la Palestine\" width=\"911\" height=\"460\" class=\"alignnone size-full wp-image-22777\" srcset=\"https:\/\/www.lejournalduforkane.com\/wp-content\/uploads\/2019\/06\/la-R\u00e9sistance-et-les-peuples-arabo-musulmans-n\u2019abandonneront-jamais-la-Palestine.jpg 911w, https:\/\/www.lejournalduforkane.com\/wp-content\/uploads\/2019\/06\/la-R\u00e9sistance-et-les-peuples-arabo-musulmans-n\u2019abandonneront-jamais-la-Palestine-300x151.jpg 300w, https:\/\/www.lejournalduforkane.com\/wp-content\/uploads\/2019\/06\/la-R\u00e9sistance-et-les-peuples-arabo-musulmans-n\u2019abandonneront-jamais-la-Palestine-768x388.jpg 768w\" sizes=\"(max-width: 911px) 100vw, 911px\" \/><\/p>\n","protected":false},"excerpt":{"rendered":"Nasrallah: la R\u00e9sistance et les peuples arabo-musulmans n\u2019abandonneront jamais la Palestine Discours du Secr\u00e9taire G\u00e9n\u00e9ral du Hezbollah, Sayed Hassan Nasrallah, le vendredi 31 mai 2019, \u00e0 l'occasion de la Journ\u00e9e","protected":false},"author":2,"featured_media":0,"comment_status":"closed","ping_status":"open","sticky":false,"template":"","format":"standard","meta":[],"categories":[49],"tags":[],"_links":{"self":[{"href":"https:\/\/www.lejournalduforkane.com\/index.php\/wp-json\/wp\/v2\/posts\/22776"}],"collection":[{"href":"https:\/\/www.lejournalduforkane.com\/index.php\/wp-json\/wp\/v2\/posts"}],"about":[{"href":"https:\/\/www.lejournalduforkane.com\/index.php\/wp-json\/wp\/v2\/types\/post"}],"author":[{"embeddable":true,"href":"https:\/\/www.lejournalduforkane.com\/index.php\/wp-json\/wp\/v2\/users\/2"}],"replies":[{"embeddable":true,"href":"https:\/\/www.lejournalduforkane.com\/index.php\/wp-json\/wp\/v2\/comments?post=22776"}],"version-history":[{"count":1,"href":"https:\/\/www.lejournalduforkane.com\/index.php\/wp-json\/wp\/v2\/posts\/22776\/revisions"}],"predecessor-version":[{"id":22778,"href":"https:\/\/www.lejournalduforkane.com\/index.php\/wp-json\/wp\/v2\/posts\/22776\/revisions\/22778"}],"wp:attachment":[{"href":"https:\/\/www.lejournalduforkane.com\/index.php\/wp-json\/wp\/v2\/media?parent=22776"}],"wp:term":[{"taxonomy":"category","embeddable":true,"href":"https:\/\/www.lejournalduforkane.com\/index.php\/wp-json\/wp\/v2\/categories?post=22776"},{"taxonomy":"post_tag","embeddable":true,"href":"https:\/\/www.lejournalduforkane.com\/index.php\/wp-json\/wp\/v2\/tags?post=22776"}],"curies":[{"name":"wp","href":"https:\/\/api.w.org\/{rel}","templated":true}]}}