
{"id":22782,"date":"2019-06-19T18:05:45","date_gmt":"2019-06-19T18:05:45","guid":{"rendered":"https:\/\/www.lejournalduforkane.com\/?p=22782"},"modified":"2019-06-19T18:05:45","modified_gmt":"2019-06-19T18:05:45","slug":"nasrallah-en-cas-de-guerre-le-hezbollah-et-la-resistance-a-gaza-sempareront-de-vastes-territoires-israeliens","status":"publish","type":"post","link":"https:\/\/www.lejournalduforkane.com\/index.php\/nasrallah-en-cas-de-guerre-le-hezbollah-et-la-resistance-a-gaza-sempareront-de-vastes-territoires-israeliens\/","title":{"rendered":"Nasrallah : en cas de guerre, le Hezbollah et la R\u00e9sistance \u00e0 Gaza s\u2019empareront de vastes territoires isra\u00e9liens"},"content":{"rendered":"<p><!--more--><\/p>\n<p>Discours du Secr\u00e9taire G\u00e9n\u00e9ral du Hezbollah, Sayed Hassan Nasrallah, le vendredi 31 mai 2019, \u00e0 l\u2019occasion de la Journ\u00e9e Internationale d\u2019Al-Quds (J\u00e9rusalem). VOSTFR \/ sous-titres fran\u00e7ais.<\/p>\n<p><iframe loading=\"lazy\" src=\"https:\/\/player.vimeo.com\/video\/342772031\" width=\"640\" height=\"360\" frameborder=\"0\" allow=\"autoplay; fullscreen\" allowfullscreen><\/iframe><br \/>\n<img loading=\"lazy\" src=\"https:\/\/www.lejournalduforkane.com\/wp-content\/uploads\/2019\/06\/la-R\u00e9sistance-et-les-peuples-arabo-musulmans-n\u2019abandonneront-jamais-la-Palestine.jpg\" alt=\"la R\u00e9sistance et les peuples arabo-musulmans n\u2019abandonneront jamais la Palestine\" width=\"911\" height=\"460\" class=\"alignnone size-full wp-image-22777\" srcset=\"https:\/\/www.lejournalduforkane.com\/wp-content\/uploads\/2019\/06\/la-R\u00e9sistance-et-les-peuples-arabo-musulmans-n\u2019abandonneront-jamais-la-Palestine.jpg 911w, https:\/\/www.lejournalduforkane.com\/wp-content\/uploads\/2019\/06\/la-R\u00e9sistance-et-les-peuples-arabo-musulmans-n\u2019abandonneront-jamais-la-Palestine-300x151.jpg 300w, https:\/\/www.lejournalduforkane.com\/wp-content\/uploads\/2019\/06\/la-R\u00e9sistance-et-les-peuples-arabo-musulmans-n\u2019abandonneront-jamais-la-Palestine-768x388.jpg 768w\" sizes=\"(max-width: 911px) 100vw, 911px\" \/><\/p>\n","protected":false},"excerpt":{"rendered":"Discours du Secr\u00e9taire G\u00e9n\u00e9ral du Hezbollah, Sayed Hassan Nasrallah, le vendredi 31 mai 2019, \u00e0 l\u2019occasion de la Journ\u00e9e Internationale d\u2019Al-Quds (J\u00e9rusalem). VOSTFR \/ sous-titres fran\u00e7ais.","protected":false},"author":2,"featured_media":0,"comment_status":"closed","ping_status":"open","sticky":false,"template":"","format":"standard","meta":[],"categories":[49],"tags":[],"_links":{"self":[{"href":"https:\/\/www.lejournalduforkane.com\/index.php\/wp-json\/wp\/v2\/posts\/22782"}],"collection":[{"href":"https:\/\/www.lejournalduforkane.com\/index.php\/wp-json\/wp\/v2\/posts"}],"about":[{"href":"https:\/\/www.lejournalduforkane.com\/index.php\/wp-json\/wp\/v2\/types\/post"}],"author":[{"embeddable":true,"href":"https:\/\/www.lejournalduforkane.com\/index.php\/wp-json\/wp\/v2\/users\/2"}],"replies":[{"embeddable":true,"href":"https:\/\/www.lejournalduforkane.com\/index.php\/wp-json\/wp\/v2\/comments?post=22782"}],"version-history":[{"count":1,"href":"https:\/\/www.lejournalduforkane.com\/index.php\/wp-json\/wp\/v2\/posts\/22782\/revisions"}],"predecessor-version":[{"id":22783,"href":"https:\/\/www.lejournalduforkane.com\/index.php\/wp-json\/wp\/v2\/posts\/22782\/revisions\/22783"}],"wp:attachment":[{"href":"https:\/\/www.lejournalduforkane.com\/index.php\/wp-json\/wp\/v2\/media?parent=22782"}],"wp:term":[{"taxonomy":"category","embeddable":true,"href":"https:\/\/www.lejournalduforkane.com\/index.php\/wp-json\/wp\/v2\/categories?post=22782"},{"taxonomy":"post_tag","embeddable":true,"href":"https:\/\/www.lejournalduforkane.com\/index.php\/wp-json\/wp\/v2\/tags?post=22782"}],"curies":[{"name":"wp","href":"https:\/\/api.w.org\/{rel}","templated":true}]}}