
{"id":22787,"date":"2019-06-20T18:20:33","date_gmt":"2019-06-20T18:20:33","guid":{"rendered":"https:\/\/www.lejournalduforkane.com\/?p=22787"},"modified":"2019-06-23T18:23:02","modified_gmt":"2019-06-23T18:23:02","slug":"sur-le-dossier-syrien-la-russie-ne-vendra-ni-ses-allies-ni-ses-principes-previent-poutine","status":"publish","type":"post","link":"https:\/\/www.lejournalduforkane.com\/index.php\/sur-le-dossier-syrien-la-russie-ne-vendra-ni-ses-allies-ni-ses-principes-previent-poutine\/","title":{"rendered":"Sur le dossier syrien, la Russie ne vendra ni ses alli\u00e9s ni ses principes, pr\u00e9vient Poutine"},"content":{"rendered":"<p><!--more--><\/p>\n<p style=\"text-align: justify;\">Interrog\u00e9, lors d&rsquo;une s\u00e9ance de questions-r\u00e9ponses \u00e0 la t\u00e9l\u00e9vision, sur un \u00e9ventuel projet d&rsquo;accord russo-am\u00e9ricain sur l&rsquo;avenir de la Syrie, Vladimir Poutine a pr\u00f4n\u00e9, plut\u00f4t, le dialogue entre toutes les parties impliqu\u00e9es dans le conflit.<\/p>\n<p><iframe loading=\"lazy\" width=\"560\" height=\"315\" src=\"https:\/\/www.youtube.com\/embed\/KEuZnxJ1AAU\" frameborder=\"0\" allow=\"accelerometer; autoplay; encrypted-media; gyroscope; picture-in-picture\" allowfullscreen><\/iframe><\/p>\n","protected":false},"excerpt":{"rendered":"Interrog\u00e9, lors d'une s\u00e9ance de questions-r\u00e9ponses \u00e0 la t\u00e9l\u00e9vision, sur un \u00e9ventuel projet d'accord russo-am\u00e9ricain sur l'avenir de la Syrie, Vladimir Poutine a pr\u00f4n\u00e9, plut\u00f4t, le dialogue entre toutes les","protected":false},"author":2,"featured_media":0,"comment_status":"closed","ping_status":"open","sticky":false,"template":"","format":"standard","meta":[],"categories":[49],"tags":[],"_links":{"self":[{"href":"https:\/\/www.lejournalduforkane.com\/index.php\/wp-json\/wp\/v2\/posts\/22787"}],"collection":[{"href":"https:\/\/www.lejournalduforkane.com\/index.php\/wp-json\/wp\/v2\/posts"}],"about":[{"href":"https:\/\/www.lejournalduforkane.com\/index.php\/wp-json\/wp\/v2\/types\/post"}],"author":[{"embeddable":true,"href":"https:\/\/www.lejournalduforkane.com\/index.php\/wp-json\/wp\/v2\/users\/2"}],"replies":[{"embeddable":true,"href":"https:\/\/www.lejournalduforkane.com\/index.php\/wp-json\/wp\/v2\/comments?post=22787"}],"version-history":[{"count":1,"href":"https:\/\/www.lejournalduforkane.com\/index.php\/wp-json\/wp\/v2\/posts\/22787\/revisions"}],"predecessor-version":[{"id":22789,"href":"https:\/\/www.lejournalduforkane.com\/index.php\/wp-json\/wp\/v2\/posts\/22787\/revisions\/22789"}],"wp:attachment":[{"href":"https:\/\/www.lejournalduforkane.com\/index.php\/wp-json\/wp\/v2\/media?parent=22787"}],"wp:term":[{"taxonomy":"category","embeddable":true,"href":"https:\/\/www.lejournalduforkane.com\/index.php\/wp-json\/wp\/v2\/categories?post=22787"},{"taxonomy":"post_tag","embeddable":true,"href":"https:\/\/www.lejournalduforkane.com\/index.php\/wp-json\/wp\/v2\/tags?post=22787"}],"curies":[{"name":"wp","href":"https:\/\/api.w.org\/{rel}","templated":true}]}}