
{"id":22798,"date":"2019-06-23T18:30:15","date_gmt":"2019-06-23T18:30:15","guid":{"rendered":"https:\/\/www.lejournalduforkane.com\/?p=22798"},"modified":"2019-06-23T18:30:15","modified_gmt":"2019-06-23T18:30:15","slug":"michel-raimbaud-ancien-ambassadeur-de-france-tensions-entre-liran-et-les-etats-unis-les-provocations-sont-americaines","status":"publish","type":"post","link":"https:\/\/www.lejournalduforkane.com\/index.php\/michel-raimbaud-ancien-ambassadeur-de-france-tensions-entre-liran-et-les-etats-unis-les-provocations-sont-americaines\/","title":{"rendered":"Michel Raimbaud, ancien ambassadeur de France : Tensions entre l&rsquo;Iran et les Etats-Unis : \u00abLes provocations sont am\u00e9ricaines\u00bb"},"content":{"rendered":"<p><!--more--><br \/>\nEntretien du 21\/6\/2019 avec Michel Raimbaud, ancien ambassadeur de France. Sur le plateau de RT France, il r\u00e9agit \u00e0 l&rsquo;instabilit\u00e9 dans le golfe d&rsquo;Oman.<\/p>\n<p>Il estime que les Etats-Unis sont \u00e0 l&rsquo;origine de la mont\u00e9e des tensions avec l&rsquo;Iran depuis leur retrait de l&rsquo;accord nucl\u00e9aire de fa\u00e7on unilat\u00e9rale. Selon lui, cette escalade est \u00e0 mettre sur le compte de \u00abl&rsquo;entourage belliciste\u00bb de Donald Trump.<br \/>\nIl \u00e9voque notamment l&rsquo;influence du lobby sioniste incarn\u00e9 par Jared Kushner, gendre du pr\u00e9sident.<\/p>\n<p><iframe loading=\"lazy\" width=\"560\" height=\"315\" src=\"https:\/\/www.youtube.com\/embed\/_BO0VPSaIKs\" frameborder=\"0\" allow=\"accelerometer; autoplay; encrypted-media; gyroscope; picture-in-picture\" allowfullscreen><\/iframe><\/p>\n","protected":false},"excerpt":{"rendered":"Entretien du 21\/6\/2019 avec Michel Raimbaud, ancien ambassadeur de France. Sur le plateau de RT France, il r\u00e9agit \u00e0 l'instabilit\u00e9 dans le golfe d'Oman. Il estime que les Etats-Unis sont","protected":false},"author":2,"featured_media":0,"comment_status":"closed","ping_status":"open","sticky":false,"template":"","format":"standard","meta":[],"categories":[49],"tags":[],"_links":{"self":[{"href":"https:\/\/www.lejournalduforkane.com\/index.php\/wp-json\/wp\/v2\/posts\/22798"}],"collection":[{"href":"https:\/\/www.lejournalduforkane.com\/index.php\/wp-json\/wp\/v2\/posts"}],"about":[{"href":"https:\/\/www.lejournalduforkane.com\/index.php\/wp-json\/wp\/v2\/types\/post"}],"author":[{"embeddable":true,"href":"https:\/\/www.lejournalduforkane.com\/index.php\/wp-json\/wp\/v2\/users\/2"}],"replies":[{"embeddable":true,"href":"https:\/\/www.lejournalduforkane.com\/index.php\/wp-json\/wp\/v2\/comments?post=22798"}],"version-history":[{"count":1,"href":"https:\/\/www.lejournalduforkane.com\/index.php\/wp-json\/wp\/v2\/posts\/22798\/revisions"}],"predecessor-version":[{"id":22800,"href":"https:\/\/www.lejournalduforkane.com\/index.php\/wp-json\/wp\/v2\/posts\/22798\/revisions\/22800"}],"wp:attachment":[{"href":"https:\/\/www.lejournalduforkane.com\/index.php\/wp-json\/wp\/v2\/media?parent=22798"}],"wp:term":[{"taxonomy":"category","embeddable":true,"href":"https:\/\/www.lejournalduforkane.com\/index.php\/wp-json\/wp\/v2\/categories?post=22798"},{"taxonomy":"post_tag","embeddable":true,"href":"https:\/\/www.lejournalduforkane.com\/index.php\/wp-json\/wp\/v2\/tags?post=22798"}],"curies":[{"name":"wp","href":"https:\/\/api.w.org\/{rel}","templated":true}]}}