
{"id":22801,"date":"2019-06-24T18:41:38","date_gmt":"2019-06-24T18:41:38","guid":{"rendered":"https:\/\/www.lejournalduforkane.com\/?p=22801"},"modified":"2019-06-24T18:41:38","modified_gmt":"2019-06-24T18:41:38","slug":"youtube-twitter-et-pinterest-accuses-de-censure-abusive-et-illegale","status":"publish","type":"post","link":"https:\/\/www.lejournalduforkane.com\/index.php\/youtube-twitter-et-pinterest-accuses-de-censure-abusive-et-illegale\/","title":{"rendered":"YouTube, Twitter et Pinterest accus\u00e9s de censure abusive et ill\u00e9gale"},"content":{"rendered":"<p><!--more--><\/p>\n<p>YouTube est au centre d&rsquo;une pol\u00e9mique depuis plusieurs semaines. La plateforme se voit reprocher d&rsquo;avoir retir\u00e9 des vid\u00e9os du Project Veritas, une organisation r\u00e9v\u00e9lant les mensonges des m\u00e9dias grand public. Pinterest et Twitter sont \u00e9galement sur la sellette.<\/p>\n<p><iframe loading=\"lazy\" width=\"560\" height=\"315\" src=\"https:\/\/www.youtube.com\/embed\/I610xqzDNK8\" frameborder=\"0\" allow=\"accelerometer; autoplay; encrypted-media; gyroscope; picture-in-picture\" allowfullscreen><\/iframe><\/p>\n","protected":false},"excerpt":{"rendered":"YouTube est au centre d'une pol\u00e9mique depuis plusieurs semaines. La plateforme se voit reprocher d'avoir retir\u00e9 des vid\u00e9os du Project Veritas, une organisation r\u00e9v\u00e9lant les mensonges des m\u00e9dias grand public.","protected":false},"author":2,"featured_media":0,"comment_status":"closed","ping_status":"open","sticky":false,"template":"","format":"standard","meta":[],"categories":[49],"tags":[],"_links":{"self":[{"href":"https:\/\/www.lejournalduforkane.com\/index.php\/wp-json\/wp\/v2\/posts\/22801"}],"collection":[{"href":"https:\/\/www.lejournalduforkane.com\/index.php\/wp-json\/wp\/v2\/posts"}],"about":[{"href":"https:\/\/www.lejournalduforkane.com\/index.php\/wp-json\/wp\/v2\/types\/post"}],"author":[{"embeddable":true,"href":"https:\/\/www.lejournalduforkane.com\/index.php\/wp-json\/wp\/v2\/users\/2"}],"replies":[{"embeddable":true,"href":"https:\/\/www.lejournalduforkane.com\/index.php\/wp-json\/wp\/v2\/comments?post=22801"}],"version-history":[{"count":1,"href":"https:\/\/www.lejournalduforkane.com\/index.php\/wp-json\/wp\/v2\/posts\/22801\/revisions"}],"predecessor-version":[{"id":22806,"href":"https:\/\/www.lejournalduforkane.com\/index.php\/wp-json\/wp\/v2\/posts\/22801\/revisions\/22806"}],"wp:attachment":[{"href":"https:\/\/www.lejournalduforkane.com\/index.php\/wp-json\/wp\/v2\/media?parent=22801"}],"wp:term":[{"taxonomy":"category","embeddable":true,"href":"https:\/\/www.lejournalduforkane.com\/index.php\/wp-json\/wp\/v2\/categories?post=22801"},{"taxonomy":"post_tag","embeddable":true,"href":"https:\/\/www.lejournalduforkane.com\/index.php\/wp-json\/wp\/v2\/tags?post=22801"}],"curies":[{"name":"wp","href":"https:\/\/api.w.org\/{rel}","templated":true}]}}