
{"id":22808,"date":"2019-06-26T17:58:57","date_gmt":"2019-06-26T17:58:57","guid":{"rendered":"https:\/\/www.lejournalduforkane.com\/?p=22808"},"modified":"2019-06-26T17:58:57","modified_gmt":"2019-06-26T17:58:57","slug":"levee-de-bouclier-dans-le-monde-arabe-contre-la-conference-de-bahrein-ou-deal-du-siecle","status":"publish","type":"post","link":"https:\/\/www.lejournalduforkane.com\/index.php\/levee-de-bouclier-dans-le-monde-arabe-contre-la-conference-de-bahrein-ou-deal-du-siecle\/","title":{"rendered":"Lev\u00e9e de bouclier dans le monde arabe contre la conf\u00e9rence de Bahre\u00efn ou deal du si\u00e8cle"},"content":{"rendered":"<p><!--more--><br \/>\nLev\u00e9e de bouclier dans le monde arabe contre la conf\u00e9rence de Bahre\u00efn ou deal du si\u00e8cle <\/p>\n<p>La pr\u00e9sentation du plan de l\u2019administration Trump pour relancer le processus de paix au Proche-Orient, pr\u00e9vue mardi lors de la conf\u00e9rence de  Bahre\u00efn, suscite le rejet dans tout le monde arabe.<\/p>\n<p><iframe loading=\"lazy\" width=\"560\" height=\"315\" src=\"https:\/\/www.youtube.com\/embed\/0mvExhrNdNc\" frameborder=\"0\" allow=\"accelerometer; autoplay; encrypted-media; gyroscope; picture-in-picture\" allowfullscreen><\/iframe><\/p>\n<p><img loading=\"lazy\" src=\"https:\/\/www.lejournalduforkane.com\/wp-content\/uploads\/2019\/06\/Lev\u00e9e-de-bouclier-dans-le-monde-arabe-contre-la-conf\u00e9rence-de-Bahre\u00efn-ou-deal-du-si\u00e8cle.jpg\" alt=\"Lev\u00e9e de bouclier dans le monde arabe contre la conf\u00e9rence de Bahre\u00efn ou deal du si\u00e8cle\" width=\"770\" height=\"384\" class=\"alignnone size-full wp-image-22809\" srcset=\"https:\/\/www.lejournalduforkane.com\/wp-content\/uploads\/2019\/06\/Lev\u00e9e-de-bouclier-dans-le-monde-arabe-contre-la-conf\u00e9rence-de-Bahre\u00efn-ou-deal-du-si\u00e8cle.jpg 770w, https:\/\/www.lejournalduforkane.com\/wp-content\/uploads\/2019\/06\/Lev\u00e9e-de-bouclier-dans-le-monde-arabe-contre-la-conf\u00e9rence-de-Bahre\u00efn-ou-deal-du-si\u00e8cle-300x150.jpg 300w, https:\/\/www.lejournalduforkane.com\/wp-content\/uploads\/2019\/06\/Lev\u00e9e-de-bouclier-dans-le-monde-arabe-contre-la-conf\u00e9rence-de-Bahre\u00efn-ou-deal-du-si\u00e8cle-768x383.jpg 768w\" sizes=\"(max-width: 770px) 100vw, 770px\" \/><\/p>\n","protected":false},"excerpt":{"rendered":"Lev\u00e9e de bouclier dans le monde arabe contre la conf\u00e9rence de Bahre\u00efn ou deal du si\u00e8cle La pr\u00e9sentation du plan de l\u2019administration Trump pour relancer le processus de paix au","protected":false},"author":2,"featured_media":0,"comment_status":"closed","ping_status":"open","sticky":false,"template":"","format":"standard","meta":[],"categories":[49],"tags":[],"_links":{"self":[{"href":"https:\/\/www.lejournalduforkane.com\/index.php\/wp-json\/wp\/v2\/posts\/22808"}],"collection":[{"href":"https:\/\/www.lejournalduforkane.com\/index.php\/wp-json\/wp\/v2\/posts"}],"about":[{"href":"https:\/\/www.lejournalduforkane.com\/index.php\/wp-json\/wp\/v2\/types\/post"}],"author":[{"embeddable":true,"href":"https:\/\/www.lejournalduforkane.com\/index.php\/wp-json\/wp\/v2\/users\/2"}],"replies":[{"embeddable":true,"href":"https:\/\/www.lejournalduforkane.com\/index.php\/wp-json\/wp\/v2\/comments?post=22808"}],"version-history":[{"count":1,"href":"https:\/\/www.lejournalduforkane.com\/index.php\/wp-json\/wp\/v2\/posts\/22808\/revisions"}],"predecessor-version":[{"id":22810,"href":"https:\/\/www.lejournalduforkane.com\/index.php\/wp-json\/wp\/v2\/posts\/22808\/revisions\/22810"}],"wp:attachment":[{"href":"https:\/\/www.lejournalduforkane.com\/index.php\/wp-json\/wp\/v2\/media?parent=22808"}],"wp:term":[{"taxonomy":"category","embeddable":true,"href":"https:\/\/www.lejournalduforkane.com\/index.php\/wp-json\/wp\/v2\/categories?post=22808"},{"taxonomy":"post_tag","embeddable":true,"href":"https:\/\/www.lejournalduforkane.com\/index.php\/wp-json\/wp\/v2\/tags?post=22808"}],"curies":[{"name":"wp","href":"https:\/\/api.w.org\/{rel}","templated":true}]}}