
{"id":22811,"date":"2019-06-26T18:03:40","date_gmt":"2019-06-26T18:03:40","guid":{"rendered":"https:\/\/www.lejournalduforkane.com\/?p=22811"},"modified":"2019-06-26T18:03:40","modified_gmt":"2019-06-26T18:03:40","slug":"video-le-coup-de-gueule-de-dominique-de-villepin-contre-le-deal-du-siecle-pour-la-palestine","status":"publish","type":"post","link":"https:\/\/www.lejournalduforkane.com\/index.php\/video-le-coup-de-gueule-de-dominique-de-villepin-contre-le-deal-du-siecle-pour-la-palestine\/","title":{"rendered":"[Vid\u00e9o] | Le coup de gueule de Dominique de Villepin contre le deal du si\u00e8cle pour la Palestine"},"content":{"rendered":"<p><!--more--><\/p>\n<p>\u00ab\u00a050 milliards pour fermer sa gueule et accepter d&rsquo;\u00eatre d\u00e9pouill\u00e9 de ses droits ? C&rsquo;est ignoble !\u00a0\u00bb selon Dominique de Villepin<\/p>\n<p><iframe loading=\"lazy\" width=\"560\" height=\"315\" src=\"https:\/\/www.youtube.com\/embed\/_eUgXwFxqnA\" frameborder=\"0\" allow=\"accelerometer; autoplay; encrypted-media; gyroscope; picture-in-picture\" allowfullscreen><\/iframe><\/p>\n<p><img loading=\"lazy\" src=\"https:\/\/www.lejournalduforkane.com\/wp-content\/uploads\/2019\/06\/rmc-villepin.jpg\" alt=\"rmc villepin\" width=\"766\" height=\"392\" class=\"alignnone size-full wp-image-22812\" srcset=\"https:\/\/www.lejournalduforkane.com\/wp-content\/uploads\/2019\/06\/rmc-villepin.jpg 766w, https:\/\/www.lejournalduforkane.com\/wp-content\/uploads\/2019\/06\/rmc-villepin-300x154.jpg 300w\" sizes=\"(max-width: 766px) 100vw, 766px\" \/><\/p>\n","protected":false},"excerpt":{"rendered":"\"50 milliards pour fermer sa gueule et accepter d'\u00eatre d\u00e9pouill\u00e9 de ses droits ? C'est ignoble !\" selon Dominique de Villepin","protected":false},"author":2,"featured_media":0,"comment_status":"closed","ping_status":"open","sticky":false,"template":"","format":"standard","meta":[],"categories":[49],"tags":[],"_links":{"self":[{"href":"https:\/\/www.lejournalduforkane.com\/index.php\/wp-json\/wp\/v2\/posts\/22811"}],"collection":[{"href":"https:\/\/www.lejournalduforkane.com\/index.php\/wp-json\/wp\/v2\/posts"}],"about":[{"href":"https:\/\/www.lejournalduforkane.com\/index.php\/wp-json\/wp\/v2\/types\/post"}],"author":[{"embeddable":true,"href":"https:\/\/www.lejournalduforkane.com\/index.php\/wp-json\/wp\/v2\/users\/2"}],"replies":[{"embeddable":true,"href":"https:\/\/www.lejournalduforkane.com\/index.php\/wp-json\/wp\/v2\/comments?post=22811"}],"version-history":[{"count":1,"href":"https:\/\/www.lejournalduforkane.com\/index.php\/wp-json\/wp\/v2\/posts\/22811\/revisions"}],"predecessor-version":[{"id":22813,"href":"https:\/\/www.lejournalduforkane.com\/index.php\/wp-json\/wp\/v2\/posts\/22811\/revisions\/22813"}],"wp:attachment":[{"href":"https:\/\/www.lejournalduforkane.com\/index.php\/wp-json\/wp\/v2\/media?parent=22811"}],"wp:term":[{"taxonomy":"category","embeddable":true,"href":"https:\/\/www.lejournalduforkane.com\/index.php\/wp-json\/wp\/v2\/categories?post=22811"},{"taxonomy":"post_tag","embeddable":true,"href":"https:\/\/www.lejournalduforkane.com\/index.php\/wp-json\/wp\/v2\/tags?post=22811"}],"curies":[{"name":"wp","href":"https:\/\/api.w.org\/{rel}","templated":true}]}}