
{"id":22814,"date":"2019-06-26T18:07:00","date_gmt":"2019-06-26T18:07:00","guid":{"rendered":"https:\/\/www.lejournalduforkane.com\/?p=22814"},"modified":"2019-06-26T18:07:00","modified_gmt":"2019-06-26T18:07:00","slug":"video-liran-nabandonnera-jamais-la-palestine","status":"publish","type":"post","link":"https:\/\/www.lejournalduforkane.com\/index.php\/video-liran-nabandonnera-jamais-la-palestine\/","title":{"rendered":"[Vid\u00e9o] | L&rsquo;Iran n&rsquo;abandonnera jamais la Palestine"},"content":{"rendered":"<p><!--more--><\/p>\n<p>Promue par les \u00c9tats-Unis, la conf\u00e9rence \u00e9conomique de Manama cens\u00e9e pr\u00e9c\u00e9der la pr\u00e9sentation au public du \u00ab Deal du si\u00e8cle \u00bb se tient les 25 et 26 juin en d\u00e9pit du malaise qu\u2019il a suscit\u00e9 dans les quatre coins du monde. La conf\u00e9rence est pr\u00e9sid\u00e9e par Jared Kushner, gendre et conseiller de Donald Trump qui est accompagn\u00e9 d\u2019un nombre de responsables politiques et d\u2019hommes d\u2019affaires am\u00e9ricains.<\/p>\n<p>La plus haute autorit\u00e9 religieuse de Bahre\u00efn, Cheikh Issa Qassem, a d\u00e9clar\u00e9 lundi que le rejet du plan palestinien du gouvernement Trump revenait \u00e0 rejeter \u00ab\u00a0l&rsquo;esclavage\u00a0\u00bb. Cheikh Qassem a tenu ces propos lors d\u2019une conf\u00e9rence qui s\u2019est tenue dans la ville sainte de Qom quelques heures \u00e0 peine avant que Bahre\u00efn organise une r\u00e9union dirig\u00e9e par les \u00c9tats-Unis et intitul\u00e9 \u00ab\u00a0deal du si\u00e8cle\u00a0\u00bb.<\/p>\n<p><iframe loading=\"lazy\" width=\"560\" height=\"315\" src=\"https:\/\/www.youtube.com\/embed\/oVnFHrwmyks\" frameborder=\"0\" allow=\"accelerometer; autoplay; encrypted-media; gyroscope; picture-in-picture\" allowfullscreen><\/iframe><\/p>\n<p><img loading=\"lazy\" src=\"https:\/\/www.lejournalduforkane.com\/wp-content\/uploads\/2019\/06\/LIran-nabandonnera-jamais-la-Palestine.jpg\" alt=\"L&#039;Iran n&#039;abandonnera jamais la Palestine\" width=\"766\" height=\"435\" class=\"alignnone size-full wp-image-22815\" srcset=\"https:\/\/www.lejournalduforkane.com\/wp-content\/uploads\/2019\/06\/LIran-nabandonnera-jamais-la-Palestine.jpg 766w, https:\/\/www.lejournalduforkane.com\/wp-content\/uploads\/2019\/06\/LIran-nabandonnera-jamais-la-Palestine-300x170.jpg 300w\" sizes=\"(max-width: 766px) 100vw, 766px\" \/><\/p>\n","protected":false},"excerpt":{"rendered":"Promue par les \u00c9tats-Unis, la conf\u00e9rence \u00e9conomique de Manama cens\u00e9e pr\u00e9c\u00e9der la pr\u00e9sentation au public du \u00ab Deal du si\u00e8cle \u00bb se tient les 25 et 26 juin en d\u00e9pit","protected":false},"author":2,"featured_media":0,"comment_status":"closed","ping_status":"open","sticky":false,"template":"","format":"standard","meta":[],"categories":[49],"tags":[],"_links":{"self":[{"href":"https:\/\/www.lejournalduforkane.com\/index.php\/wp-json\/wp\/v2\/posts\/22814"}],"collection":[{"href":"https:\/\/www.lejournalduforkane.com\/index.php\/wp-json\/wp\/v2\/posts"}],"about":[{"href":"https:\/\/www.lejournalduforkane.com\/index.php\/wp-json\/wp\/v2\/types\/post"}],"author":[{"embeddable":true,"href":"https:\/\/www.lejournalduforkane.com\/index.php\/wp-json\/wp\/v2\/users\/2"}],"replies":[{"embeddable":true,"href":"https:\/\/www.lejournalduforkane.com\/index.php\/wp-json\/wp\/v2\/comments?post=22814"}],"version-history":[{"count":1,"href":"https:\/\/www.lejournalduforkane.com\/index.php\/wp-json\/wp\/v2\/posts\/22814\/revisions"}],"predecessor-version":[{"id":22816,"href":"https:\/\/www.lejournalduforkane.com\/index.php\/wp-json\/wp\/v2\/posts\/22814\/revisions\/22816"}],"wp:attachment":[{"href":"https:\/\/www.lejournalduforkane.com\/index.php\/wp-json\/wp\/v2\/media?parent=22814"}],"wp:term":[{"taxonomy":"category","embeddable":true,"href":"https:\/\/www.lejournalduforkane.com\/index.php\/wp-json\/wp\/v2\/categories?post=22814"},{"taxonomy":"post_tag","embeddable":true,"href":"https:\/\/www.lejournalduforkane.com\/index.php\/wp-json\/wp\/v2\/tags?post=22814"}],"curies":[{"name":"wp","href":"https:\/\/api.w.org\/{rel}","templated":true}]}}