
{"id":22832,"date":"2019-07-03T18:02:17","date_gmt":"2019-07-03T18:02:17","guid":{"rendered":"https:\/\/www.lejournalduforkane.com\/?p=22832"},"modified":"2019-07-03T18:02:17","modified_gmt":"2019-07-03T18:02:17","slug":"nasrallah-larabie-saoudite-est-en-deroute-au-yemen-et-dans-tout-le-moyen-orient","status":"publish","type":"post","link":"https:\/\/www.lejournalduforkane.com\/index.php\/nasrallah-larabie-saoudite-est-en-deroute-au-yemen-et-dans-tout-le-moyen-orient\/","title":{"rendered":"Nasrallah : l\u2019Arabie Saoudite est en d\u00e9route au Y\u00e9men et dans tout le Moyen-Orient"},"content":{"rendered":"<p><!--more--><\/p>\n<p>Discours du Secr\u00e9taire G\u00e9n\u00e9ral du Hezbollah, Sayed Hassan Nasrallah, le vendredi 31 mai 2019, \u00e0 l\u2019occasion de la Journ\u00e9e Internationale d\u2019Al-Quds (J\u00e9rusalem). VOSTFR \/ sous-titres fran\u00e7ais.<\/p>\n<p><iframe loading=\"lazy\" src=\"https:\/\/player.vimeo.com\/video\/345584202\" width=\"640\" height=\"360\" frameborder=\"0\" allowfullscreen=\"allowfullscreen\"><\/iframe><\/p>\n","protected":false},"excerpt":{"rendered":"Discours du Secr\u00e9taire G\u00e9n\u00e9ral du Hezbollah, Sayed Hassan Nasrallah, le vendredi 31 mai 2019, \u00e0 l\u2019occasion de la Journ\u00e9e Internationale d\u2019Al-Quds (J\u00e9rusalem). VOSTFR \/ sous-titres fran\u00e7ais.","protected":false},"author":2,"featured_media":0,"comment_status":"closed","ping_status":"open","sticky":false,"template":"","format":"standard","meta":[],"categories":[49],"tags":[],"_links":{"self":[{"href":"https:\/\/www.lejournalduforkane.com\/index.php\/wp-json\/wp\/v2\/posts\/22832"}],"collection":[{"href":"https:\/\/www.lejournalduforkane.com\/index.php\/wp-json\/wp\/v2\/posts"}],"about":[{"href":"https:\/\/www.lejournalduforkane.com\/index.php\/wp-json\/wp\/v2\/types\/post"}],"author":[{"embeddable":true,"href":"https:\/\/www.lejournalduforkane.com\/index.php\/wp-json\/wp\/v2\/users\/2"}],"replies":[{"embeddable":true,"href":"https:\/\/www.lejournalduforkane.com\/index.php\/wp-json\/wp\/v2\/comments?post=22832"}],"version-history":[{"count":1,"href":"https:\/\/www.lejournalduforkane.com\/index.php\/wp-json\/wp\/v2\/posts\/22832\/revisions"}],"predecessor-version":[{"id":22834,"href":"https:\/\/www.lejournalduforkane.com\/index.php\/wp-json\/wp\/v2\/posts\/22832\/revisions\/22834"}],"wp:attachment":[{"href":"https:\/\/www.lejournalduforkane.com\/index.php\/wp-json\/wp\/v2\/media?parent=22832"}],"wp:term":[{"taxonomy":"category","embeddable":true,"href":"https:\/\/www.lejournalduforkane.com\/index.php\/wp-json\/wp\/v2\/categories?post=22832"},{"taxonomy":"post_tag","embeddable":true,"href":"https:\/\/www.lejournalduforkane.com\/index.php\/wp-json\/wp\/v2\/tags?post=22832"}],"curies":[{"name":"wp","href":"https:\/\/api.w.org\/{rel}","templated":true}]}}