
{"id":22852,"date":"2019-07-08T18:34:28","date_gmt":"2019-07-08T18:34:28","guid":{"rendered":"https:\/\/www.lejournalduforkane.com\/?p=22852"},"modified":"2019-07-08T18:34:28","modified_gmt":"2019-07-08T18:34:28","slug":"un-analyste-saoudien-abdelhamid-el-ghaban-depuis-ryad-supplie-lentite-sioniste-a-travers-une-chaine-arabe-daider-larabie-saoudite-dans-une-frappe-militaire-associee-contre-liran","status":"publish","type":"post","link":"https:\/\/www.lejournalduforkane.com\/index.php\/un-analyste-saoudien-abdelhamid-el-ghaban-depuis-ryad-supplie-lentite-sioniste-a-travers-une-chaine-arabe-daider-larabie-saoudite-dans-une-frappe-militaire-associee-contre-liran\/","title":{"rendered":"Un analyste saoudien : Abdelhamid el-Ghaban depuis Ryad supplie l&rsquo;entit\u00e9 sioniste \u00e0 travers une chaine arabe d&rsquo;aider l&rsquo;Arabie saoudite dans une frappe militaire associ\u00e9e contre l&rsquo;Iran"},"content":{"rendered":"<p><!--more--><\/p>\n<p>Un analyste saoudien : Abdelhamid el-Ghaban depuis Ryad supplie l&rsquo;entit\u00e9 sioniste \u00e0 travers une chaine arabe d&rsquo;aider l&rsquo;Arabie saoudite dans une frappe militaire associ\u00e9e contre l&rsquo;Iran<\/p>\n<p>LA TRAHISON ARABE SURNAGE ET D\u00c9PASSE L\u2019ENTENDEMENT.<\/p>\n<p><iframe loading=\"lazy\" width=\"620\" height=\"405\" src=\"\/\/rutube.ru\/play\/embed\/12512588\" frameborder=\"0\" webkitAllowFullScreen mozallowfullscreen allowfullscreen><\/iframe><\/p>\n<p>&nbsp;<\/p>\n","protected":false},"excerpt":{"rendered":"Un analyste saoudien : Abdelhamid el-Ghaban depuis Ryad supplie l'entit\u00e9 sioniste \u00e0 travers une chaine arabe d'aider l'Arabie saoudite dans une frappe militaire associ\u00e9e contre l'Iran LA TRAHISON ARABE SURNAGE","protected":false},"author":2,"featured_media":0,"comment_status":"closed","ping_status":"open","sticky":false,"template":"","format":"standard","meta":[],"categories":[49],"tags":[],"_links":{"self":[{"href":"https:\/\/www.lejournalduforkane.com\/index.php\/wp-json\/wp\/v2\/posts\/22852"}],"collection":[{"href":"https:\/\/www.lejournalduforkane.com\/index.php\/wp-json\/wp\/v2\/posts"}],"about":[{"href":"https:\/\/www.lejournalduforkane.com\/index.php\/wp-json\/wp\/v2\/types\/post"}],"author":[{"embeddable":true,"href":"https:\/\/www.lejournalduforkane.com\/index.php\/wp-json\/wp\/v2\/users\/2"}],"replies":[{"embeddable":true,"href":"https:\/\/www.lejournalduforkane.com\/index.php\/wp-json\/wp\/v2\/comments?post=22852"}],"version-history":[{"count":1,"href":"https:\/\/www.lejournalduforkane.com\/index.php\/wp-json\/wp\/v2\/posts\/22852\/revisions"}],"predecessor-version":[{"id":22854,"href":"https:\/\/www.lejournalduforkane.com\/index.php\/wp-json\/wp\/v2\/posts\/22852\/revisions\/22854"}],"wp:attachment":[{"href":"https:\/\/www.lejournalduforkane.com\/index.php\/wp-json\/wp\/v2\/media?parent=22852"}],"wp:term":[{"taxonomy":"category","embeddable":true,"href":"https:\/\/www.lejournalduforkane.com\/index.php\/wp-json\/wp\/v2\/categories?post=22852"},{"taxonomy":"post_tag","embeddable":true,"href":"https:\/\/www.lejournalduforkane.com\/index.php\/wp-json\/wp\/v2\/tags?post=22852"}],"curies":[{"name":"wp","href":"https:\/\/api.w.org\/{rel}","templated":true}]}}