
{"id":22868,"date":"2019-07-16T18:37:35","date_gmt":"2019-07-16T18:37:35","guid":{"rendered":"https:\/\/www.lejournalduforkane.com\/?p=22868"},"modified":"2019-07-16T18:37:35","modified_gmt":"2019-07-16T18:37:35","slug":"nasrallah-si-dieu-me-prete-vie-je-prierai-a-al-quds","status":"publish","type":"post","link":"https:\/\/www.lejournalduforkane.com\/index.php\/nasrallah-si-dieu-me-prete-vie-je-prierai-a-al-quds\/","title":{"rendered":"Nasrallah : \u00ab\u00a0Si Dieu me pr\u00eate vie, je prierai \u00e0 Al-Quds\u00a0\u00bb"},"content":{"rendered":"<p><!--more--><\/p>\n<p>Entretien du Secr\u00e9taire G\u00e9n\u00e9ral du Hezbollah, Sayed Hassan Nasrallah, avec la cha\u00eene Al-Manar, le 12 juillet 2019, \u00e0 l&rsquo;occasion de la comm\u00e9moration du 13e anniversaire de l&rsquo;op\u00e9ration &lsquo;Promesse V\u00e9ridique&rsquo; et du d\u00e9clenchement de la guerre de 2006 (VOSTFR \/ sous-titres fran\u00e7ais).<\/p>\n<p><iframe loading=\"lazy\" src=\"https:\/\/player.vimeo.com\/video\/348024406\" width=\"640\" height=\"360\" frameborder=\"0\" allow=\"autoplay; fullscreen\" allowfullscreen><\/iframe>o<\/a>.<\/p>\n","protected":false},"excerpt":{"rendered":"Entretien du Secr\u00e9taire G\u00e9n\u00e9ral du Hezbollah, Sayed Hassan Nasrallah, avec la cha\u00eene Al-Manar, le 12 juillet 2019, \u00e0 l'occasion de la comm\u00e9moration du 13e anniversaire de l'op\u00e9ration 'Promesse V\u00e9ridique' et","protected":false},"author":2,"featured_media":0,"comment_status":"closed","ping_status":"open","sticky":false,"template":"","format":"standard","meta":[],"categories":[49],"tags":[],"_links":{"self":[{"href":"https:\/\/www.lejournalduforkane.com\/index.php\/wp-json\/wp\/v2\/posts\/22868"}],"collection":[{"href":"https:\/\/www.lejournalduforkane.com\/index.php\/wp-json\/wp\/v2\/posts"}],"about":[{"href":"https:\/\/www.lejournalduforkane.com\/index.php\/wp-json\/wp\/v2\/types\/post"}],"author":[{"embeddable":true,"href":"https:\/\/www.lejournalduforkane.com\/index.php\/wp-json\/wp\/v2\/users\/2"}],"replies":[{"embeddable":true,"href":"https:\/\/www.lejournalduforkane.com\/index.php\/wp-json\/wp\/v2\/comments?post=22868"}],"version-history":[{"count":1,"href":"https:\/\/www.lejournalduforkane.com\/index.php\/wp-json\/wp\/v2\/posts\/22868\/revisions"}],"predecessor-version":[{"id":22870,"href":"https:\/\/www.lejournalduforkane.com\/index.php\/wp-json\/wp\/v2\/posts\/22868\/revisions\/22870"}],"wp:attachment":[{"href":"https:\/\/www.lejournalduforkane.com\/index.php\/wp-json\/wp\/v2\/media?parent=22868"}],"wp:term":[{"taxonomy":"category","embeddable":true,"href":"https:\/\/www.lejournalduforkane.com\/index.php\/wp-json\/wp\/v2\/categories?post=22868"},{"taxonomy":"post_tag","embeddable":true,"href":"https:\/\/www.lejournalduforkane.com\/index.php\/wp-json\/wp\/v2\/tags?post=22868"}],"curies":[{"name":"wp","href":"https:\/\/api.w.org\/{rel}","templated":true}]}}