
{"id":22887,"date":"2019-07-21T18:41:23","date_gmt":"2019-07-21T18:41:23","guid":{"rendered":"https:\/\/www.lejournalduforkane.com\/?p=22887"},"modified":"2019-07-21T18:41:23","modified_gmt":"2019-07-21T18:41:23","slug":"ce-sont-des-enfants-qui-meurent-et-la-france-y-participe","status":"publish","type":"post","link":"https:\/\/www.lejournalduforkane.com\/index.php\/ce-sont-des-enfants-qui-meurent-et-la-france-y-participe\/","title":{"rendered":"\u00ab\u00a0Ce sont des enfants qui meurent. [\u2026] Et la France y participe.\u00a0\u00bb"},"content":{"rendered":"<p><!--more--><\/p>\n<p>La France vend des armes \u00e0 l&rsquo;Arabie saoudite et aux \u00c9mirats arabes unis, deux pays impliqu\u00e9s dans le conflit qui ravage le Y\u00e9men. D\u00e9put\u00e9, S\u00e9bastien Nadot milite pour que ces ventes d&rsquo;armes cessent.<\/p>\n<p><iframe loading=\"lazy\" width=\"720\" height=\"405\" src=\"\/\/rutube.ru\/play\/embed\/12743894\" frameborder=\"0\" webkitAllowFullScreen mozallowfullscreen allowfullscreen><\/iframe><\/p>\n<p><img loading=\"lazy\" src=\"https:\/\/www.lejournalduforkane.com\/wp-content\/uploads\/2019\/07\/Ce-sont-des-enfants-qui-meurent.jpg\" alt=\"Ce sont des enfants qui meurent\" width=\"472\" height=\"410\" class=\"alignnone size-full wp-image-22888\" srcset=\"https:\/\/www.lejournalduforkane.com\/wp-content\/uploads\/2019\/07\/Ce-sont-des-enfants-qui-meurent.jpg 472w, https:\/\/www.lejournalduforkane.com\/wp-content\/uploads\/2019\/07\/Ce-sont-des-enfants-qui-meurent-300x261.jpg 300w\" sizes=\"(max-width: 472px) 100vw, 472px\" \/><\/p>\n","protected":false},"excerpt":{"rendered":"La France vend des armes \u00e0 l'Arabie saoudite et aux \u00c9mirats arabes unis, deux pays impliqu\u00e9s dans le conflit qui ravage le Y\u00e9men. D\u00e9put\u00e9, S\u00e9bastien Nadot milite pour que ces","protected":false},"author":2,"featured_media":0,"comment_status":"closed","ping_status":"open","sticky":false,"template":"","format":"standard","meta":[],"categories":[49],"tags":[],"_links":{"self":[{"href":"https:\/\/www.lejournalduforkane.com\/index.php\/wp-json\/wp\/v2\/posts\/22887"}],"collection":[{"href":"https:\/\/www.lejournalduforkane.com\/index.php\/wp-json\/wp\/v2\/posts"}],"about":[{"href":"https:\/\/www.lejournalduforkane.com\/index.php\/wp-json\/wp\/v2\/types\/post"}],"author":[{"embeddable":true,"href":"https:\/\/www.lejournalduforkane.com\/index.php\/wp-json\/wp\/v2\/users\/2"}],"replies":[{"embeddable":true,"href":"https:\/\/www.lejournalduforkane.com\/index.php\/wp-json\/wp\/v2\/comments?post=22887"}],"version-history":[{"count":1,"href":"https:\/\/www.lejournalduforkane.com\/index.php\/wp-json\/wp\/v2\/posts\/22887\/revisions"}],"predecessor-version":[{"id":22889,"href":"https:\/\/www.lejournalduforkane.com\/index.php\/wp-json\/wp\/v2\/posts\/22887\/revisions\/22889"}],"wp:attachment":[{"href":"https:\/\/www.lejournalduforkane.com\/index.php\/wp-json\/wp\/v2\/media?parent=22887"}],"wp:term":[{"taxonomy":"category","embeddable":true,"href":"https:\/\/www.lejournalduforkane.com\/index.php\/wp-json\/wp\/v2\/categories?post=22887"},{"taxonomy":"post_tag","embeddable":true,"href":"https:\/\/www.lejournalduforkane.com\/index.php\/wp-json\/wp\/v2\/tags?post=22887"}],"curies":[{"name":"wp","href":"https:\/\/api.w.org\/{rel}","templated":true}]}}