
{"id":22890,"date":"2019-07-21T18:46:07","date_gmt":"2019-07-21T18:46:07","guid":{"rendered":"https:\/\/www.lejournalduforkane.com\/?p=22890"},"modified":"2019-07-21T18:46:44","modified_gmt":"2019-07-21T18:46:44","slug":"le-ministre-des-affaires-etrangeres-du-bahrein-cheikh-khalid-bin-ahmed-al-khalifah-et-son-homologue-israelien-israel-katz-ont-tenu-leur-1ere-reunion-ouverte-et-publique-aux-etats-unis-en-marge-de-l","status":"publish","type":"post","link":"https:\/\/www.lejournalduforkane.com\/index.php\/le-ministre-des-affaires-etrangeres-du-bahrein-cheikh-khalid-bin-ahmed-al-khalifah-et-son-homologue-israelien-israel-katz-ont-tenu-leur-1ere-reunion-ouverte-et-publique-aux-etats-unis-en-marge-de-l\/","title":{"rendered":"Le Ministre des affaires \u00e9trang\u00e8res du Bahre\u00efn, Cheikh Khalid Bin Ahmed Al Khalifah et son homologue isra\u00e9lien, Isra\u00ebl Katz, ont tenu leur 1ere r\u00e9union ouverte et publique aux \u00c9tats-Unis en marge de la conf\u00e9rence sur la libert\u00e9 religieuse mercredi"},"content":{"rendered":"<p><!--more--><\/p>\n<p>Le Ministre des affaires \u00e9trang\u00e8res du Bahre\u00efn, Cheikh Khalid Bin Ahmed Al Khalifah et son homologue isra\u00e9lien, Isra\u00ebl Katz, ont tenu leur 1ere r\u00e9union ouverte et publique aux \u00c9tats-Unis en marge de la conf\u00e9rence sur la libert\u00e9 religieuse mercredi.<\/p>\n<p>C\u2019est la deuxi\u00e8me rencontre avec un haut responsable arabe en deux semaines !!!<\/p>\n<p>Par sa logique ce tra\u00eetre reconna\u00eet Isra\u00ebl comme un \u00e9tat juridique, donnant aux isra\u00e9liens le droit d\u2019\u00e9craser toute r\u00e9sistance des Palestiniens !<\/p>\n<p>LA TRAHISON ARABE SURNAGE ET D\u00c9PASSE L\u2019ENTENDEMENT.<\/p>\n<p><iframe loading=\"lazy\" width=\"620\" height=\"405\" src=\"\/\/rutube.ru\/play\/embed\/12743897\" frameborder=\"0\" webkitAllowFullScreen mozallowfullscreen allowfullscreen><\/iframe><\/p>\n<p><img loading=\"lazy\" src=\"https:\/\/www.lejournalduforkane.com\/wp-content\/uploads\/2019\/07\/Le-Ministre-des-affaires-\u00e9trang\u00e8res-du-Bahre\u00efnet-israel.jpg\" alt=\"Le Ministre des affaires \u00e9trang\u00e8res du Bahre\u00efnet israel\" width=\"395\" height=\"394\" class=\"alignnone size-full wp-image-22891\" srcset=\"https:\/\/www.lejournalduforkane.com\/wp-content\/uploads\/2019\/07\/Le-Ministre-des-affaires-\u00e9trang\u00e8res-du-Bahre\u00efnet-israel.jpg 395w, https:\/\/www.lejournalduforkane.com\/wp-content\/uploads\/2019\/07\/Le-Ministre-des-affaires-\u00e9trang\u00e8res-du-Bahre\u00efnet-israel-150x150.jpg 150w, https:\/\/www.lejournalduforkane.com\/wp-content\/uploads\/2019\/07\/Le-Ministre-des-affaires-\u00e9trang\u00e8res-du-Bahre\u00efnet-israel-300x300.jpg 300w\" sizes=\"(max-width: 395px) 100vw, 395px\" \/><\/p>\n","protected":false},"excerpt":{"rendered":"Le Ministre des affaires \u00e9trang\u00e8res du Bahre\u00efn, Cheikh Khalid Bin Ahmed Al Khalifah et son homologue isra\u00e9lien, Isra\u00ebl Katz, ont tenu leur 1ere r\u00e9union ouverte et publique aux \u00c9tats-Unis en","protected":false},"author":2,"featured_media":0,"comment_status":"closed","ping_status":"open","sticky":false,"template":"","format":"standard","meta":[],"categories":[49],"tags":[],"_links":{"self":[{"href":"https:\/\/www.lejournalduforkane.com\/index.php\/wp-json\/wp\/v2\/posts\/22890"}],"collection":[{"href":"https:\/\/www.lejournalduforkane.com\/index.php\/wp-json\/wp\/v2\/posts"}],"about":[{"href":"https:\/\/www.lejournalduforkane.com\/index.php\/wp-json\/wp\/v2\/types\/post"}],"author":[{"embeddable":true,"href":"https:\/\/www.lejournalduforkane.com\/index.php\/wp-json\/wp\/v2\/users\/2"}],"replies":[{"embeddable":true,"href":"https:\/\/www.lejournalduforkane.com\/index.php\/wp-json\/wp\/v2\/comments?post=22890"}],"version-history":[{"count":2,"href":"https:\/\/www.lejournalduforkane.com\/index.php\/wp-json\/wp\/v2\/posts\/22890\/revisions"}],"predecessor-version":[{"id":22893,"href":"https:\/\/www.lejournalduforkane.com\/index.php\/wp-json\/wp\/v2\/posts\/22890\/revisions\/22893"}],"wp:attachment":[{"href":"https:\/\/www.lejournalduforkane.com\/index.php\/wp-json\/wp\/v2\/media?parent=22890"}],"wp:term":[{"taxonomy":"category","embeddable":true,"href":"https:\/\/www.lejournalduforkane.com\/index.php\/wp-json\/wp\/v2\/categories?post=22890"},{"taxonomy":"post_tag","embeddable":true,"href":"https:\/\/www.lejournalduforkane.com\/index.php\/wp-json\/wp\/v2\/tags?post=22890"}],"curies":[{"name":"wp","href":"https:\/\/api.w.org\/{rel}","templated":true}]}}