
{"id":22897,"date":"2019-07-23T18:47:31","date_gmt":"2019-07-23T18:47:31","guid":{"rendered":"https:\/\/www.lejournalduforkane.com\/?p=22897"},"modified":"2019-07-23T18:47:31","modified_gmt":"2019-07-23T18:47:31","slug":"video-israel-a-demoli-hier-lundi-plus-de-100-maisons-dans-une-operation-de-demolition-et-de-deplacement-de-masse","status":"publish","type":"post","link":"https:\/\/www.lejournalduforkane.com\/index.php\/video-israel-a-demoli-hier-lundi-plus-de-100-maisons-dans-une-operation-de-demolition-et-de-deplacement-de-masse\/","title":{"rendered":"Vid\u00e9o | \u00ab\u00a0Isra\u00ebl\u00a0\u00bb a d\u00e9moli hier \u2013 lundi, plus de 100 maisons dans une op\u00e9ration de d\u00e9molition et de d\u00e9placement de masse"},"content":{"rendered":"<p><!--more--><\/p>\n<p>Depuis que les maisons ont \u00e9t\u00e9 l\u00e9galement construites, \u00ab\u00a0Isra\u00ebl\u00a0\u00bb a d\u00fb trouver un nouveau pr\u00e9texte : ces maisons sont construites pr\u00e8s du mur de l&rsquo;apartheid !!!<\/p>\n<p>C\u2019est le nouveau pr\u00e9texte isra\u00e9lien, qui sera utilis\u00e9 pour occuper plus de terres !!!<\/p>\n<p><iframe loading=\"lazy\" width=\"620\" height=\"405\" src=\"\/\/rutube.ru\/play\/embed\/12748087\" frameborder=\"0\" webkitAllowFullScreen mozallowfullscreen allowfullscreen><\/iframe><\/p>\n","protected":false},"excerpt":{"rendered":"Depuis que les maisons ont \u00e9t\u00e9 l\u00e9galement construites, \"Isra\u00ebl\" a d\u00fb trouver un nouveau pr\u00e9texte : ces maisons sont construites pr\u00e8s du mur de l'apartheid !!! C\u2019est le nouveau pr\u00e9texte","protected":false},"author":2,"featured_media":0,"comment_status":"closed","ping_status":"open","sticky":false,"template":"","format":"standard","meta":[],"categories":[49],"tags":[],"_links":{"self":[{"href":"https:\/\/www.lejournalduforkane.com\/index.php\/wp-json\/wp\/v2\/posts\/22897"}],"collection":[{"href":"https:\/\/www.lejournalduforkane.com\/index.php\/wp-json\/wp\/v2\/posts"}],"about":[{"href":"https:\/\/www.lejournalduforkane.com\/index.php\/wp-json\/wp\/v2\/types\/post"}],"author":[{"embeddable":true,"href":"https:\/\/www.lejournalduforkane.com\/index.php\/wp-json\/wp\/v2\/users\/2"}],"replies":[{"embeddable":true,"href":"https:\/\/www.lejournalduforkane.com\/index.php\/wp-json\/wp\/v2\/comments?post=22897"}],"version-history":[{"count":1,"href":"https:\/\/www.lejournalduforkane.com\/index.php\/wp-json\/wp\/v2\/posts\/22897\/revisions"}],"predecessor-version":[{"id":22899,"href":"https:\/\/www.lejournalduforkane.com\/index.php\/wp-json\/wp\/v2\/posts\/22897\/revisions\/22899"}],"wp:attachment":[{"href":"https:\/\/www.lejournalduforkane.com\/index.php\/wp-json\/wp\/v2\/media?parent=22897"}],"wp:term":[{"taxonomy":"category","embeddable":true,"href":"https:\/\/www.lejournalduforkane.com\/index.php\/wp-json\/wp\/v2\/categories?post=22897"},{"taxonomy":"post_tag","embeddable":true,"href":"https:\/\/www.lejournalduforkane.com\/index.php\/wp-json\/wp\/v2\/tags?post=22897"}],"curies":[{"name":"wp","href":"https:\/\/api.w.org\/{rel}","templated":true}]}}