
{"id":22900,"date":"2019-07-23T18:52:42","date_gmt":"2019-07-23T18:52:42","guid":{"rendered":"https:\/\/www.lejournalduforkane.com\/?p=22900"},"modified":"2019-07-23T18:52:42","modified_gmt":"2019-07-23T18:52:42","slug":"video-1-voici-comment-les-jeunes-palestiniens-de-masjid-al-aqsa-ont-accueilli-le-blogueur-saoudien-muhammad-al-saud-qui-a-appele-a-la-normalisation-des-relations-avec-israel","status":"publish","type":"post","link":"https:\/\/www.lejournalduforkane.com\/index.php\/video-1-voici-comment-les-jeunes-palestiniens-de-masjid-al-aqsa-ont-accueilli-le-blogueur-saoudien-muhammad-al-saud-qui-a-appele-a-la-normalisation-des-relations-avec-israel\/","title":{"rendered":"Vid\u00e9o 1 | Voici comment les jeunes palestiniens de Masjid Al Aqsa ont accueilli le blogueur saoudien Muhammad al-Saud, qui a appel\u00e9 \u00e0 la normalisation des relations avec Isra\u00ebl"},"content":{"rendered":"<p><!--more--><\/p>\n<p>Le blogueur saoudien visitait la mosqu\u00e9e Al-Aqsa sous protection isra\u00e9lienne.<\/p>\n<p>Muhammad al-Saud a visit\u00e9 la Knesset isra\u00e9lienne et a appel\u00e9 Isra\u00ebl \u00ab\u00a0un Etat de r\u00eave\u00a0\u00bb<\/p>\n<p><iframe loading=\"lazy\" width=\"620\" height=\"405\" src=\"\/\/rutube.ru\/play\/embed\/12748095\" frameborder=\"0\" webkitAllowFullScreen mozallowfullscreen allowfullscreen><\/iframe><\/p>\n<p><img loading=\"lazy\" src=\"https:\/\/www.lejournalduforkane.com\/wp-content\/uploads\/2019\/07\/Voici-comment-les-jeunes-palestiniens-de-Masjid-Al-Aqsa-ont-accueilli-le-blogueur-saoudien-Muhammad-al-Saud-qui-a-appel\u00e9-\u00e0-la-normalisation-des-relations-avec-Isra\u00ebl.jpg\" alt=\"Voici comment les jeunes palestiniens de Masjid Al Aqsa ont accueilli le blogueur saoudien Muhammad al-Saud, qui a appel\u00e9 \u00e0 la normalisation des relations avec Isra\u00ebl\" width=\"234\" height=\"403\" class=\"alignnone size-full wp-image-22901\" srcset=\"https:\/\/www.lejournalduforkane.com\/wp-content\/uploads\/2019\/07\/Voici-comment-les-jeunes-palestiniens-de-Masjid-Al-Aqsa-ont-accueilli-le-blogueur-saoudien-Muhammad-al-Saud-qui-a-appel\u00e9-\u00e0-la-normalisation-des-relations-avec-Isra\u00ebl.jpg 234w, https:\/\/www.lejournalduforkane.com\/wp-content\/uploads\/2019\/07\/Voici-comment-les-jeunes-palestiniens-de-Masjid-Al-Aqsa-ont-accueilli-le-blogueur-saoudien-Muhammad-al-Saud-qui-a-appel\u00e9-\u00e0-la-normalisation-des-relations-avec-Isra\u00ebl-174x300.jpg 174w\" sizes=\"(max-width: 234px) 100vw, 234px\" \/><\/p>\n","protected":false},"excerpt":{"rendered":"Le blogueur saoudien visitait la mosqu\u00e9e Al-Aqsa sous protection isra\u00e9lienne. Muhammad al-Saud a visit\u00e9 la Knesset isra\u00e9lienne et a appel\u00e9 Isra\u00ebl \"un Etat de r\u00eave\"","protected":false},"author":2,"featured_media":0,"comment_status":"closed","ping_status":"open","sticky":false,"template":"","format":"standard","meta":[],"categories":[49],"tags":[],"_links":{"self":[{"href":"https:\/\/www.lejournalduforkane.com\/index.php\/wp-json\/wp\/v2\/posts\/22900"}],"collection":[{"href":"https:\/\/www.lejournalduforkane.com\/index.php\/wp-json\/wp\/v2\/posts"}],"about":[{"href":"https:\/\/www.lejournalduforkane.com\/index.php\/wp-json\/wp\/v2\/types\/post"}],"author":[{"embeddable":true,"href":"https:\/\/www.lejournalduforkane.com\/index.php\/wp-json\/wp\/v2\/users\/2"}],"replies":[{"embeddable":true,"href":"https:\/\/www.lejournalduforkane.com\/index.php\/wp-json\/wp\/v2\/comments?post=22900"}],"version-history":[{"count":1,"href":"https:\/\/www.lejournalduforkane.com\/index.php\/wp-json\/wp\/v2\/posts\/22900\/revisions"}],"predecessor-version":[{"id":22902,"href":"https:\/\/www.lejournalduforkane.com\/index.php\/wp-json\/wp\/v2\/posts\/22900\/revisions\/22902"}],"wp:attachment":[{"href":"https:\/\/www.lejournalduforkane.com\/index.php\/wp-json\/wp\/v2\/media?parent=22900"}],"wp:term":[{"taxonomy":"category","embeddable":true,"href":"https:\/\/www.lejournalduforkane.com\/index.php\/wp-json\/wp\/v2\/categories?post=22900"},{"taxonomy":"post_tag","embeddable":true,"href":"https:\/\/www.lejournalduforkane.com\/index.php\/wp-json\/wp\/v2\/tags?post=22900"}],"curies":[{"name":"wp","href":"https:\/\/api.w.org\/{rel}","templated":true}]}}