
{"id":22903,"date":"2019-07-23T19:00:03","date_gmt":"2019-07-23T19:00:03","guid":{"rendered":"https:\/\/www.lejournalduforkane.com\/?p=22903"},"modified":"2019-07-23T19:00:03","modified_gmt":"2019-07-23T19:00:03","slug":"video-2-suite-voici-comment-les-jeunes-palestiniens-de-masjid-al-aqsa-ont-accueilli-le-blogueur-saoudien-muhammad-al-saud-qui-a-appele-a-la-normalisation-des-relations-avec-israel","status":"publish","type":"post","link":"https:\/\/www.lejournalduforkane.com\/index.php\/video-2-suite-voici-comment-les-jeunes-palestiniens-de-masjid-al-aqsa-ont-accueilli-le-blogueur-saoudien-muhammad-al-saud-qui-a-appele-a-la-normalisation-des-relations-avec-israel\/","title":{"rendered":"Vid\u00e9o 2 (suite) | Voici comment les jeunes palestiniens de Masjid Al Aqsa ont accueilli le blogueur saoudien Muhammad al-Saud, qui a appel\u00e9 \u00e0 la normalisation des relations avec Isra\u00ebl"},"content":{"rendered":"<p><!--more--><\/p>\n<p>Le blogueur saoudien visitait la mosqu\u00e9e Al-Aqsa sous protection isra\u00e9lienne.<\/p>\n<p>Muhammad al-Saud a visit\u00e9 la Knesset isra\u00e9lienne et a appel\u00e9 Isra\u00ebl \u00ab\u00a0un Etat de r\u00eave\u00a0\u00bb<\/p>\n<p><iframe loading=\"lazy\" width=\"720\" height=\"405\" src=\"\/\/rutube.ru\/play\/embed\/12748099\" frameborder=\"0\" webkitAllowFullScreen mozallowfullscreen allowfullscreen><\/iframe><\/p>\n<p><img loading=\"lazy\" src=\"https:\/\/www.lejournalduforkane.com\/wp-content\/uploads\/2019\/07\/Voici-comment-les-jeunes-palestiniens-de-Masjid-Al-Aqsa-ont-accueilli-le-blogueur-saoudien-Muhammad-al-Saud-qui-a-appel\u00e9-\u00e0-la-normalisation-des-relations-avec-Isra\u00ebl2.jpg\" alt=\"Voici comment les jeunes palestiniens de Masjid Al Aqsa ont accueilli le blogueur saoudien Muhammad al-Saud, qui a appel\u00e9 \u00e0 la normalisation des relations avec Isra\u00ebl2\" width=\"408\" height=\"219\" class=\"alignnone size-full wp-image-22904\" srcset=\"https:\/\/www.lejournalduforkane.com\/wp-content\/uploads\/2019\/07\/Voici-comment-les-jeunes-palestiniens-de-Masjid-Al-Aqsa-ont-accueilli-le-blogueur-saoudien-Muhammad-al-Saud-qui-a-appel\u00e9-\u00e0-la-normalisation-des-relations-avec-Isra\u00ebl2.jpg 408w, https:\/\/www.lejournalduforkane.com\/wp-content\/uploads\/2019\/07\/Voici-comment-les-jeunes-palestiniens-de-Masjid-Al-Aqsa-ont-accueilli-le-blogueur-saoudien-Muhammad-al-Saud-qui-a-appel\u00e9-\u00e0-la-normalisation-des-relations-avec-Isra\u00ebl2-300x161.jpg 300w\" sizes=\"(max-width: 408px) 100vw, 408px\" \/><\/p>\n","protected":false},"excerpt":{"rendered":"Le blogueur saoudien visitait la mosqu\u00e9e Al-Aqsa sous protection isra\u00e9lienne. Muhammad al-Saud a visit\u00e9 la Knesset isra\u00e9lienne et a appel\u00e9 Isra\u00ebl \"un Etat de r\u00eave\"","protected":false},"author":2,"featured_media":0,"comment_status":"closed","ping_status":"open","sticky":false,"template":"","format":"standard","meta":[],"categories":[49],"tags":[],"_links":{"self":[{"href":"https:\/\/www.lejournalduforkane.com\/index.php\/wp-json\/wp\/v2\/posts\/22903"}],"collection":[{"href":"https:\/\/www.lejournalduforkane.com\/index.php\/wp-json\/wp\/v2\/posts"}],"about":[{"href":"https:\/\/www.lejournalduforkane.com\/index.php\/wp-json\/wp\/v2\/types\/post"}],"author":[{"embeddable":true,"href":"https:\/\/www.lejournalduforkane.com\/index.php\/wp-json\/wp\/v2\/users\/2"}],"replies":[{"embeddable":true,"href":"https:\/\/www.lejournalduforkane.com\/index.php\/wp-json\/wp\/v2\/comments?post=22903"}],"version-history":[{"count":1,"href":"https:\/\/www.lejournalduforkane.com\/index.php\/wp-json\/wp\/v2\/posts\/22903\/revisions"}],"predecessor-version":[{"id":22905,"href":"https:\/\/www.lejournalduforkane.com\/index.php\/wp-json\/wp\/v2\/posts\/22903\/revisions\/22905"}],"wp:attachment":[{"href":"https:\/\/www.lejournalduforkane.com\/index.php\/wp-json\/wp\/v2\/media?parent=22903"}],"wp:term":[{"taxonomy":"category","embeddable":true,"href":"https:\/\/www.lejournalduforkane.com\/index.php\/wp-json\/wp\/v2\/categories?post=22903"},{"taxonomy":"post_tag","embeddable":true,"href":"https:\/\/www.lejournalduforkane.com\/index.php\/wp-json\/wp\/v2\/tags?post=22903"}],"curies":[{"name":"wp","href":"https:\/\/api.w.org\/{rel}","templated":true}]}}