
{"id":22916,"date":"2019-07-24T18:29:31","date_gmt":"2019-07-24T18:29:31","guid":{"rendered":"https:\/\/www.lejournalduforkane.com\/?p=22916"},"modified":"2019-07-24T18:29:31","modified_gmt":"2019-07-24T18:29:31","slug":"video-les-autorites-israeliennes-liberent-malek-nabulsi-14-ans-a-condition-quil-nentre-pas-dans-la-mosquee-dal-aqsa-pendant-15-jours","status":"publish","type":"post","link":"https:\/\/www.lejournalduforkane.com\/index.php\/video-les-autorites-israeliennes-liberent-malek-nabulsi-14-ans-a-condition-quil-nentre-pas-dans-la-mosquee-dal-aqsa-pendant-15-jours\/","title":{"rendered":"Vid\u00e9o | Les autorit\u00e9s isra\u00e9liennes lib\u00e8rent Malek Nabulsi (14 ans) \u00e0 condition qu&rsquo;il n&rsquo;entre pas dans la mosqu\u00e9e d&rsquo;Al Aqsa pendant 15 jours !!!"},"content":{"rendered":"<p><!--more--><\/p>\n<div id=\"js_ds\" class=\"_5pbx userContent _3576\" data-testid=\"post_message\" data-ft=\"{&quot;tn&quot;:&quot;K&quot;}\">\n<div id=\"id_5d38a4e4b21285707514264\" class=\"text_exposed_root text_exposed\">\n<p>Ce jeune garcon etait apparu dans une vid\u00e9o o\u00f9 il insultait le blogueur saoudien Muhammad al-Saud, qui a appel\u00e9 \u00e0 la normalisation des relations avec Isra\u00ebl<br \/>\n<iframe loading=\"lazy\" src=\"\/\/rutube.ru\/play\/embed\/12753670\" width=\"720\" height=\"405\" frameborder=\"0\" allowfullscreen=\"allowfullscreen\"><\/iframe><\/p>\n<\/div>\n<p>&nbsp;<\/p>\n<div id=\"id_5d38a4e4b21285707514264\" class=\"text_exposed_root text_exposed\">\n<p>En savoir plus:\u00a0<a href=\"https:\/\/www.lejournalduforkane.com\/index.php\/video-1-voici-comment-les-jeunes-palestiniens-de-masjid-al-aqsa-ont-accueilli-le-blogueur-saoudien-muhammad-al-saud-qui-a-appele-a-la-normalisation-des-relations-avec-israel\/?fbclid=IwAR3Mq6BYRik5rX8-v7nldAuGrz5sYnka8rGs85x3YwQ_zVLqgOfZxlEsBt4\" target=\"_blank\" rel=\"noopener nofollow\" data-ft=\"{&quot;tn&quot;:&quot;-U&quot;}\" data-lynx-mode=\"async\" data-lynx-uri=\"https:\/\/l.facebook.com\/l.php?u=http%3A%2F%2Fwww.lejournalduforkane.com%2Findex.php%2Fvideo-1-voici-comment-les-jeunes-palestiniens-de-masjid-al-aqsa-ont-accueilli-le-blogueur-saoudien-muhammad-al-saud-qui-a-appele-a-la-normalisation-des-relations-avec-israel%2F%3Ffbclid%3DIwAR3Mq6BYRik5rX8-v7nldAuGrz5sYnka8rGs85x3YwQ_zVLqgOfZxlEsBt4&amp;h=AT3A-3KqY9Vc_9UUEr-Gg5u2oLrf99RplPOOL-mG_K1i7oXGm4OxAA2932klRftecL6hgVQ6jJM4-PbNvWHJ42olv1rhxhvb8dZw-DnktnnJs_vnUpu5qkLMWgSNskZPO9mhXOvbfzXCPF8oB02y0IdNnCsstrF75-SyxvpyfKNIbkG626glI0wT7Dx75xZG8RbeipPXAtULGOjWSfxsGlYh4Ig2NKUHy898SABLbmSX10JgMAQXodOE62Icl38kVAjcC_cybZzvDXWoV9iomHg-VwENGIqKr6HnwHgw-ub3375tqbZdOlGvgZSoW0WV4UaT1s3VKTKMgUTi4G2_i4Zknwt29Tou50Fkoxn4ZZTsfOTo2x_JWVf4UjNY6XFtvZ2XY_qpxKOe4s8mcO2BQcCuKnSkpxEpnjBGZpL6dcQ0hYVzPsLpm9Rmcd9kJv4ASwcU865EcfuYNL5Q_XNPEu3jZqYKL8QSHoJQpl0NJAL7dLXa838nIMvgwSaBhbU4aoE4Rvr6jQIAELoGJR5F0GvwRsVK5ZCdtb5tZRtv1MjKOFxBTglAPJisIYBIz9n-ekASK6URBbem6kCK3SkW_J5OTHFIgwQvp_Pd4IC7tc5N6GrHC_rnLWZ1PxKVCEwqTWxlJ0FUZi7gOjDF6w\">https:\/\/www.lejournalduforkane.com\/\u2026\/video-1-voici-comment-\u2026\/<\/a><\/p>\n<div class=\"text_exposed_show\">\n<p>En savoir plus:\u00a0<a href=\"https:\/\/www.lejournalduforkane.com\/index.php\/video-2-suite-voici-comment-les-jeunes-palestiniens-de-masjid-al-aqsa-ont-accueilli-le-blogueur-saoudien-muhammad-al-saud-qui-a-appele-a-la-normalisation-des-relations-avec-israel\/?fbclid=IwAR1Y9Yl3WknQ0xxvGOzJ36RJPkTBqSSTBj5TfTrVIDQOaZtwW3K7Mc_Md2s\" target=\"_blank\" rel=\"noopener nofollow\" data-ft=\"{&quot;tn&quot;:&quot;-U&quot;}\" data-lynx-mode=\"async\" data-lynx-uri=\"https:\/\/l.facebook.com\/l.php?u=http%3A%2F%2Fwww.lejournalduforkane.com%2Findex.php%2Fvideo-2-suite-voici-comment-les-jeunes-palestiniens-de-masjid-al-aqsa-ont-accueilli-le-blogueur-saoudien-muhammad-al-saud-qui-a-appele-a-la-normalisation-des-relations-avec-israel%2F%3Ffbclid%3DIwAR1Y9Yl3WknQ0xxvGOzJ36RJPkTBqSSTBj5TfTrVIDQOaZtwW3K7Mc_Md2s&amp;h=AT07B8_rhpsdipjUkt91JUQR25Ggt1oIof_rHHuR6lh7Uftx6k1fbyy_ddF2rh3-Z4bBoygQ7GznWK4ivqVHOZ5VX6NE7U8-9rhoNVDxtfEYJJ18tkoje1tSYBNyOka0HYshMylHGVrNxkbd1sB3pi7qvJ353VAQ8ss8sL9KKqsnKrkI2nOlFtKS8Doi_Dlm4QYRhQolEXd4XgmTZMvEAPFkOWzyPfZ_sAtYOr3mQ53R32Habfc6Ip4F4n_jGaGo-idip-SzLOCvTMo80G_C4--HAymAN74zrPM9X3vsuELIh3euUisJ6mow9qA_MEz9ZhPYrOBY7j9cbq8BJs8kk21DBAPG4rngVd5sH4vFoEZL7zAJZsy4TakU8Dd15WfQrmR3XeZH0WUEqi7dweeGTAHk8qbrfPJEcbyJxJ84XRMFGTWYjRAx_1vkLVzBgPXWXeSzNimZiI0_2NEHcR8q5kqzyzrldFUI2_HDlitRZAusvQdy7M6NHOje-_-6kQOQXbkcXNMockjuicjFHoMBic9SOrJlcfJH5WGhLkvRjp0OxaxEO1zb8lKpa2aeXI6TvDlQspgjEI89Y4-oLQorylCGP7BT_ixXme2o_r5buld_tnejf5kzs579yeu8ULnFhANWp_WaIWYLlhTH_w\">https:\/\/www.lejournalduforkane.com\/\u2026\/video-2-suite-voici-co\u2026\/<\/a><\/p>\n<\/div>\n<\/div>\n<\/div>\n<div class=\"_3x-2\" data-ft=\"{&quot;tn&quot;:&quot;H&quot;}\">\n<div data-ft=\"{&quot;tn&quot;:&quot;H&quot;}\">\n<div class=\"mtm\">\n<div id=\"u_2i_l\" class=\"_6m2 _1zpr clearfix _dcs _4_w4 _6m8 _59ap _64lx _3eqz _20pq _3eqw _2rk1 _3n1j _5qqr\" data-ft=\"{&quot;tn&quot;:&quot;H&quot;}\">\n<div class=\"clearfix _2r3x\">\n<div class=\"lfloat _ohe\">\n<div class=\"_150c\" data-ft=\"{&quot;tn&quot;:&quot;F&quot;}\">\n<p><img loading=\"lazy\" class=\"alignnone size-full wp-image-22917\" src=\"https:\/\/www.lejournalduforkane.com\/wp-content\/uploads\/2019\/07\/V2.jpg\" alt=\"V2\" width=\"400\" height=\"226\" srcset=\"https:\/\/www.lejournalduforkane.com\/wp-content\/uploads\/2019\/07\/V2.jpg 400w, https:\/\/www.lejournalduforkane.com\/wp-content\/uploads\/2019\/07\/V2-300x170.jpg 300w\" sizes=\"(max-width: 400px) 100vw, 400px\" \/><\/p>\n<div id=\"u_2i_r\" class=\"_5mly _40ja _45oh\"><\/div>\n<\/div>\n<\/div>\n<\/div>\n<\/div>\n<\/div>\n<\/div>\n<\/div>\n","protected":false},"excerpt":{"rendered":"Ce jeune garcon etait apparu dans une vid\u00e9o o\u00f9 il insultait le blogueur saoudien Muhammad al-Saud, qui a appel\u00e9 \u00e0 la normalisation des relations avec Isra\u00ebl &nbsp; En savoir plus:\u00a0https:\/\/www.lejournalduforkane.com\/\u2026\/video-1-voici-comment-\u2026\/","protected":false},"author":2,"featured_media":0,"comment_status":"closed","ping_status":"open","sticky":false,"template":"","format":"standard","meta":[],"categories":[49],"tags":[],"_links":{"self":[{"href":"https:\/\/www.lejournalduforkane.com\/index.php\/wp-json\/wp\/v2\/posts\/22916"}],"collection":[{"href":"https:\/\/www.lejournalduforkane.com\/index.php\/wp-json\/wp\/v2\/posts"}],"about":[{"href":"https:\/\/www.lejournalduforkane.com\/index.php\/wp-json\/wp\/v2\/types\/post"}],"author":[{"embeddable":true,"href":"https:\/\/www.lejournalduforkane.com\/index.php\/wp-json\/wp\/v2\/users\/2"}],"replies":[{"embeddable":true,"href":"https:\/\/www.lejournalduforkane.com\/index.php\/wp-json\/wp\/v2\/comments?post=22916"}],"version-history":[{"count":1,"href":"https:\/\/www.lejournalduforkane.com\/index.php\/wp-json\/wp\/v2\/posts\/22916\/revisions"}],"predecessor-version":[{"id":22919,"href":"https:\/\/www.lejournalduforkane.com\/index.php\/wp-json\/wp\/v2\/posts\/22916\/revisions\/22919"}],"wp:attachment":[{"href":"https:\/\/www.lejournalduforkane.com\/index.php\/wp-json\/wp\/v2\/media?parent=22916"}],"wp:term":[{"taxonomy":"category","embeddable":true,"href":"https:\/\/www.lejournalduforkane.com\/index.php\/wp-json\/wp\/v2\/categories?post=22916"},{"taxonomy":"post_tag","embeddable":true,"href":"https:\/\/www.lejournalduforkane.com\/index.php\/wp-json\/wp\/v2\/tags?post=22916"}],"curies":[{"name":"wp","href":"https:\/\/api.w.org\/{rel}","templated":true}]}}